{"id":90801,"date":"2018-01-30T21:54:35","date_gmt":"2018-01-30T23:54:35","guid":{"rendered":"http:\/\/diarioregionaljf.com.br\/2018\/01\/30\/copa-juiz-de-fora-de-futebol-amador-2018-devolucao-de-fichas-sera-na-sexta-feira\/"},"modified":"2018-01-30T21:54:35","modified_gmt":"2018-01-30T23:54:35","slug":"copa-juiz-de-fora-de-futebol-amador-2018-devolucao-de-fichas-sera-na-sexta-feira","status":"publish","type":"post","link":"https:\/\/diarioregionaldigital.com.br\/?p=90801","title":{"rendered":"Copa Juiz de Fora de Futebol Amador 2018: devolu\u00e7\u00e3o de fichas ser\u00e1 na sexta-feira"},"content":{"rendered":"<p>Os representantes das equipes que retiraram as fichas de inscri\u00e7\u00e3o para a edi\u00e7\u00e3o 2018 da Copa Juiz de Fora de Futebol Amador dever\u00e3o entreg\u00e1-las devidamente preenchidas na sexta-feira, 2, na sede da Secretaria de Esporte e Lazer, que fica na Avenida Rui Barbosa, 530, Santa Terezinha, das 8 \u00e0s 12 horas e das 14 \u00e0s 18 horas, para a confirma\u00e7\u00e3o da inscri\u00e7\u00e3o. Os times que n\u00e3o efetuarem a entrega da ficha na data informada ser\u00e3o automaticamente desclassificados, cedendo seu lugar \u00e0 pr\u00f3xima equipe da lista de espera.<\/p>\n<p> S\u00e3o aguardadas mais de 120 equipes, nas categorias adulto, veterano, master, supermaster e s\u00eanior.<\/p>\n<p> Um Congresso T\u00e9cnico com as equipes ser\u00e1 realizado para a organiza\u00e7\u00e3o do evento. Na pr\u00f3xima ter\u00e7a-feira, 6, \u00e0s 18 horas, para a categoria adulta, e, na quarta-feira, 7, \u00e0s 18 horas, para as demais categorias, no audit\u00f3rio da SEL. \u00c9 obrigat\u00f3ria a participa\u00e7\u00e3o de representantes dos times inscritos.<\/p>\n<p><strong>Fonte: Assessoria\/SEL<\/strong><\/p>\n<p><strong>&nbsp;<\/strong><\/p>\n<p><strong>&nbsp;<\/strong><\/p>\n","protected":false},"excerpt":{"rendered":"<p>Os representantes das equipes que retiraram as fichas de inscri\u00e7\u00e3o para a edi\u00e7\u00e3o 2018 da Copa Juiz de Fora de Futebol Amador dever\u00e3o entreg\u00e1-las devidamente preenchidas na sexta-feira, 2, na sede da Secretaria de Esporte e Lazer, que fica na Avenida Rui Barbosa, 530, Santa Terezinha, das 8 \u00e0s 12 horas e das 14 \u00e0s [&hellip;]<\/p>\n","protected":false},"author":96,"featured_media":90800,"comment_status":"closed","ping_status":"closed","sticky":false,"template":"","format":"standard","meta":{"footnotes":""},"categories":[257],"tags":[],"class_list":["post-90801","post","type-post","status-publish","format-standard","has-post-thumbnail","hentry","category-esporte"],"_links":{"self":[{"href":"https:\/\/diarioregionaldigital.com.br\/index.php?rest_route=\/wp\/v2\/posts\/90801","targetHints":{"allow":["GET"]}}],"collection":[{"href":"https:\/\/diarioregionaldigital.com.br\/index.php?rest_route=\/wp\/v2\/posts"}],"about":[{"href":"https:\/\/diarioregionaldigital.com.br\/index.php?rest_route=\/wp\/v2\/types\/post"}],"author":[{"embeddable":true,"href":"https:\/\/diarioregionaldigital.com.br\/index.php?rest_route=\/wp\/v2\/users\/96"}],"replies":[{"embeddable":true,"href":"https:\/\/diarioregionaldigital.com.br\/index.php?rest_route=%2Fwp%2Fv2%2Fcomments&post=90801"}],"version-history":[{"count":0,"href":"https:\/\/diarioregionaldigital.com.br\/index.php?rest_route=\/wp\/v2\/posts\/90801\/revisions"}],"wp:featuredmedia":[{"embeddable":true,"href":"https:\/\/diarioregionaldigital.com.br\/index.php?rest_route=\/wp\/v2\/media\/90800"}],"wp:attachment":[{"href":"https:\/\/diarioregionaldigital.com.br\/index.php?rest_route=%2Fwp%2Fv2%2Fmedia&parent=90801"}],"wp:term":[{"taxonomy":"category","embeddable":true,"href":"https:\/\/diarioregionaldigital.com.br\/index.php?rest_route=%2Fwp%2Fv2%2Fcategories&post=90801"},{"taxonomy":"post_tag","embeddable":true,"href":"https:\/\/diarioregionaldigital.com.br\/index.php?rest_route=%2Fwp%2Fv2%2Ftags&post=90801"}],"curies":[{"name":"wp","href":"https:\/\/api.w.org\/{rel}","templated":true}]}}