{"id":90799,"date":"2018-01-30T21:53:10","date_gmt":"2018-01-30T23:53:10","guid":{"rendered":"http:\/\/diarioregionaljf.com.br\/2018\/01\/30\/especialista-esclarece-que-os-macacos-tambem-sao-vitimas-da-febre-amarela\/"},"modified":"2018-01-30T21:53:10","modified_gmt":"2018-01-30T23:53:10","slug":"especialista-esclarece-que-os-macacos-tambem-sao-vitimas-da-febre-amarela","status":"publish","type":"post","link":"https:\/\/diarioregionaldigital.com.br\/?p=90799","title":{"rendered":"Especialista esclarece que os macacos tamb\u00e9m s\u00e3o v\u00edtimas da febre amarela"},"content":{"rendered":"<p>O aumento no n\u00famero de casos de febre amarela no pa\u00eds causa medo e d\u00favidas na popula\u00e7\u00e3o. Com isso, al\u00e9m de serem infectados pela doen\u00e7a, os macacos se tornam alvos tamb\u00e9m das pessoas que, desinformadas, amea\u00e7am a integridade f\u00edsica dos primatas. Entretanto, \u00e9 preciso esclarecer: assim como os humanos, eles tamb\u00e9m s\u00e3o v\u00edtimas do v\u00edrus da febre amarela.<\/p>\n<p>A bi\u00f3loga Caroline do Vale explica que o macaco \u00e9 um hospedeiro amplificador, que n\u00e3o ret\u00e9m o v\u00edrus da doen\u00e7a em seu corpo, diferentemente dos vetores. \u201cQuando o macaco contrai a doen\u00e7a, ele morre ou se cura, cria anticorpos e n\u00e3o contrai mais a doen\u00e7a. Geralmente, a morte ocorre entre o terceiro e o s\u00e9timo dia, ent\u00e3o n\u00e3o daria tempo de ele manter o v\u00edrus em seu corpo e disseminar em outras pessoas. Ao contr\u00e1rio dos mosquitos, que al\u00e9m de serem os vetores da febre amarela, uma vez infectados, permanecem com o v\u00edrus o resto da vida\u201d, explica.<br \/>Ela tamb\u00e9m refor\u00e7a que os primatas n\u00e3o transmitem a doen\u00e7a. \u201cAs pessoas os agridem achando que eles transmitem, mas, na verdade, s\u00e3o os mosquitos infectados que propagam o v\u00edrus\u201d, diz. Caroline adverte sobre as consequ\u00eancias para quem realiza a matan\u00e7a dos animais. \u201c\u00c9 importante salientar que matar animais silvestres \u00e9 considerado crime ambiental, cab\u00edvel de den\u00fancias e medidas penais\u201d, alerta.<\/p>\n<p>Caroline lembra a import\u00e2ncia dos animais no processo de detec\u00e7\u00e3o da doen\u00e7a. \u201cEles precisam ser preservados, pois s\u00e3o os macacos que alertam as autoridades de sa\u00fade sobre as regi\u00f5es em que o v\u00edrus circula, mobilizando a cria\u00e7\u00e3o de campanhas vacinais para impedir que a febre amarela fa\u00e7a mais v\u00edtimas\u201d, diz. \u201cOs bichos j\u00e1 enfrentam diversos problemas para sobreviver, desmatamento, polui\u00e7\u00e3o e a febre amarela. A quantidade de pessoas que morrem n\u00e3o chega nem perto dos \u00edndices dos primatas. A agress\u00e3o \u00e9 mais um desafio que a esp\u00e9cie enfrenta para sobreviver\u201d, conclui.<\/p>\n<p>A Secretaria Estadual de Sa\u00fade de Minas Gerais (SES\/MG) instrui a popula\u00e7\u00e3o a acionar a zoonose do munic\u00edpio no caso do achado de macaco doente ou morto, para que as devidas provid\u00eancias possam ser tomadas. A partir da den\u00fancia, o profissional das zoonoses acionado verificar\u00e1 se o animal morto apresenta condi\u00e7\u00f5es de coleta e envio para exames laboratoriais.<\/p>\n<p>&nbsp;<\/p>\n","protected":false},"excerpt":{"rendered":"<p>O aumento no n\u00famero de casos de febre amarela no pa\u00eds causa medo e d\u00favidas na popula\u00e7\u00e3o. Com isso, al\u00e9m de serem infectados pela doen\u00e7a, os macacos se tornam alvos tamb\u00e9m das pessoas que, desinformadas, amea\u00e7am a integridade f\u00edsica dos primatas. Entretanto, \u00e9 preciso esclarecer: assim como os humanos, eles tamb\u00e9m s\u00e3o v\u00edtimas do v\u00edrus [&hellip;]<\/p>\n","protected":false},"author":96,"featured_media":90798,"comment_status":"closed","ping_status":"closed","sticky":false,"template":"","format":"standard","meta":{"footnotes":""},"categories":[253],"tags":[],"class_list":["post-90799","post","type-post","status-publish","format-standard","has-post-thumbnail","hentry","category-cidade"],"_links":{"self":[{"href":"https:\/\/diarioregionaldigital.com.br\/index.php?rest_route=\/wp\/v2\/posts\/90799","targetHints":{"allow":["GET"]}}],"collection":[{"href":"https:\/\/diarioregionaldigital.com.br\/index.php?rest_route=\/wp\/v2\/posts"}],"about":[{"href":"https:\/\/diarioregionaldigital.com.br\/index.php?rest_route=\/wp\/v2\/types\/post"}],"author":[{"embeddable":true,"href":"https:\/\/diarioregionaldigital.com.br\/index.php?rest_route=\/wp\/v2\/users\/96"}],"replies":[{"embeddable":true,"href":"https:\/\/diarioregionaldigital.com.br\/index.php?rest_route=%2Fwp%2Fv2%2Fcomments&post=90799"}],"version-history":[{"count":0,"href":"https:\/\/diarioregionaldigital.com.br\/index.php?rest_route=\/wp\/v2\/posts\/90799\/revisions"}],"wp:featuredmedia":[{"embeddable":true,"href":"https:\/\/diarioregionaldigital.com.br\/index.php?rest_route=\/wp\/v2\/media\/90798"}],"wp:attachment":[{"href":"https:\/\/diarioregionaldigital.com.br\/index.php?rest_route=%2Fwp%2Fv2%2Fmedia&parent=90799"}],"wp:term":[{"taxonomy":"category","embeddable":true,"href":"https:\/\/diarioregionaldigital.com.br\/index.php?rest_route=%2Fwp%2Fv2%2Fcategories&post=90799"},{"taxonomy":"post_tag","embeddable":true,"href":"https:\/\/diarioregionaldigital.com.br\/index.php?rest_route=%2Fwp%2Fv2%2Ftags&post=90799"}],"curies":[{"name":"wp","href":"https:\/\/api.w.org\/{rel}","templated":true}]}}