{"id":90797,"date":"2018-01-30T21:51:28","date_gmt":"2018-01-30T23:51:28","guid":{"rendered":"http:\/\/diarioregionaljf.com.br\/2018\/01\/30\/tupynambas-fc-comeca-os-trabalhos-para-a-estreia-do-mineiro-modulo-ii-em-fevereiro\/"},"modified":"2018-01-30T21:51:28","modified_gmt":"2018-01-30T23:51:28","slug":"tupynambas-fc-comeca-os-trabalhos-para-a-estreia-do-mineiro-modulo-ii-em-fevereiro","status":"publish","type":"post","link":"https:\/\/diarioregionaldigital.com.br\/?p=90797","title":{"rendered":"Tupynamb\u00e1s FC come\u00e7a os trabalhos para a estreia do Mineiro Modulo II em fevereiro"},"content":{"rendered":"<p>At\u00e9 o dia 17 de fevereiro quando o Tupynamb\u00e1s estreia no Campeonato Mineiro do M\u00f3dulo II diante do Social, em Coronel Fabriciano, Guiba e sua comiss\u00e3o t\u00e9cnica ter\u00e3o 18 dias para colocar os atletas em condi\u00e7\u00f5es de jogo. Boa parte da prepara\u00e7\u00e3o ser\u00e1 feita no Est\u00e1dio Jos\u00e9 Paiz Soares. Com atividades j\u00e1 iniciadas. De acordo com Alberto Sim\u00e3o, o Baeta tenta uma ou duas semanas de treinamento em uma cidade vizinha a Juiz de Fora, ainda n\u00e3o divulgada pelo clube.<\/p>\n<p>Para tentar dar ritmo de jogo aos atletas antes do in\u00edcio do M\u00f3dulo II, Guiba projeta no m\u00ednimo dois amistosos antes da estreia. Times de Minas Gerais e os eliminados na seletiva do Campeonato Carioca est\u00e3o no radar da diretoria alvirrubra. Com rela\u00e7\u00e3o \u00e0 parte f\u00edsica, Diogo Evaristo afirma que espera ter o grupo com pelo menos 70% das condi\u00e7\u00f5es f\u00edsicas ideais para o jogo contra o social, no dia 17 de fevereiro: \u201cA busca pelos atletas foi detalhada, com perfil de atletas treinados. Isso facilita o trabalho Fizemos uma cartilha com coisas como aer\u00f3bico, treinos intervalados, que os atletas poderiam fazer em qualquer lugar, e trabalho de for\u00e7a. O que a gente quis era monitorar, porque o monitoramento sem avalia\u00e7\u00e3o fica subjetivo. Vamos pular algumas etapas, mas avaliaremos capacidade aer\u00f3bica, faremos teste de carga, sempre com trabalhos integrados, sempre com bola. Eu gosto de campo, fazer jogos reduzidos, com uma din\u00e2mica intensa, com menos volume,\u201d comentou.<\/p>\n<p>O Tupynamb\u00e1s tem sua estreia no campeonato marcada para o dia 17 de fevereiro, contra o Social, \u00e0s 16h, no est\u00e1dio Louis Ensch (Luiz\u00e3o), em Coronel Fabriciano.&nbsp;<\/p>\n","protected":false},"excerpt":{"rendered":"<p>At\u00e9 o dia 17 de fevereiro quando o Tupynamb\u00e1s estreia no Campeonato Mineiro do M\u00f3dulo II diante do Social, em Coronel Fabriciano, Guiba e sua comiss\u00e3o t\u00e9cnica ter\u00e3o 18 dias para colocar os atletas em condi\u00e7\u00f5es de jogo. Boa parte da prepara\u00e7\u00e3o ser\u00e1 feita no Est\u00e1dio Jos\u00e9 Paiz Soares. Com atividades j\u00e1 iniciadas. De acordo [&hellip;]<\/p>\n","protected":false},"author":96,"featured_media":90796,"comment_status":"closed","ping_status":"closed","sticky":false,"template":"","format":"standard","meta":{"footnotes":""},"categories":[257],"tags":[],"class_list":["post-90797","post","type-post","status-publish","format-standard","has-post-thumbnail","hentry","category-esporte"],"_links":{"self":[{"href":"https:\/\/diarioregionaldigital.com.br\/index.php?rest_route=\/wp\/v2\/posts\/90797","targetHints":{"allow":["GET"]}}],"collection":[{"href":"https:\/\/diarioregionaldigital.com.br\/index.php?rest_route=\/wp\/v2\/posts"}],"about":[{"href":"https:\/\/diarioregionaldigital.com.br\/index.php?rest_route=\/wp\/v2\/types\/post"}],"author":[{"embeddable":true,"href":"https:\/\/diarioregionaldigital.com.br\/index.php?rest_route=\/wp\/v2\/users\/96"}],"replies":[{"embeddable":true,"href":"https:\/\/diarioregionaldigital.com.br\/index.php?rest_route=%2Fwp%2Fv2%2Fcomments&post=90797"}],"version-history":[{"count":0,"href":"https:\/\/diarioregionaldigital.com.br\/index.php?rest_route=\/wp\/v2\/posts\/90797\/revisions"}],"wp:featuredmedia":[{"embeddable":true,"href":"https:\/\/diarioregionaldigital.com.br\/index.php?rest_route=\/wp\/v2\/media\/90796"}],"wp:attachment":[{"href":"https:\/\/diarioregionaldigital.com.br\/index.php?rest_route=%2Fwp%2Fv2%2Fmedia&parent=90797"}],"wp:term":[{"taxonomy":"category","embeddable":true,"href":"https:\/\/diarioregionaldigital.com.br\/index.php?rest_route=%2Fwp%2Fv2%2Fcategories&post=90797"},{"taxonomy":"post_tag","embeddable":true,"href":"https:\/\/diarioregionaldigital.com.br\/index.php?rest_route=%2Fwp%2Fv2%2Ftags&post=90797"}],"curies":[{"name":"wp","href":"https:\/\/api.w.org\/{rel}","templated":true}]}}