{"id":90795,"date":"2018-01-30T21:28:07","date_gmt":"2018-01-30T23:28:07","guid":{"rendered":"http:\/\/diarioregionaljf.com.br\/2018\/01\/30\/avenida-rio-branco-e-interditada-apos-queda-de-arvore\/"},"modified":"2018-01-30T21:28:07","modified_gmt":"2018-01-30T23:28:07","slug":"avenida-rio-branco-e-interditada-apos-queda-de-arvore","status":"publish","type":"post","link":"https:\/\/diarioregionaldigital.com.br\/?p=90795","title":{"rendered":"Avenida Rio Branco \u00e9 interditada ap\u00f3s queda de \u00e1rvore"},"content":{"rendered":"<p>ATUALIZADA \u00c0S 20H34, EM 30\/01\/2018<\/p>\n<p>Uma \u00e1rvore caiu e interditou a Avenida Rio Branco, na altura do C\u00edrculo Militar, na tarde desta ter\u00e7a-feira, 30. A vegeta\u00e7\u00e3o atingiu dois ve\u00edculos que seguiam pela pista sentido Centro\/Alto dos Passos e ningu\u00e9m se feriu.<\/p>\n<p>Devido a interdi\u00e7\u00e3o das pistas, exclusiva de \u00f4nibus e de carros, os motoristas est\u00e3o transitando por caminhos alternativos. Segundo informa\u00e7\u00f5es da Secretaria de Transporte e Tr\u00e2nsito (Settra), o tr\u00e2nsito sentido Manoel Hon\u00f3rio\/Bom Pastor est\u00e1 sendo desviado pela pista central. Os \u00f4nibus que sobem a Rio Branco direto precisaram ser desviados para a Rua Osvaldo Aranha, passando pelo Rua Romualdo e, depois, retornando para a Rio Branco.<\/p>\n<p>No sentido oposto, os \u00f4nibus est\u00e3o sendo desviados e descendo pela pista lateral a partir do Bom Pastor. Os agentes de tr\u00e2nsito est\u00e3o coordenando os desvios.&nbsp;<\/p>\n<p>Uma faixa lateral, sentido ao bairro Bom Pastor, foi liberada por volta das 20h desta ter\u00e7a-feira, 30.<\/p>\n","protected":false},"excerpt":{"rendered":"<p>ATUALIZADA \u00c0S 20H34, EM 30\/01\/2018 Uma \u00e1rvore caiu e interditou a Avenida Rio Branco, na altura do C\u00edrculo Militar, na tarde desta ter\u00e7a-feira, 30. A vegeta\u00e7\u00e3o atingiu dois ve\u00edculos que seguiam pela pista sentido Centro\/Alto dos Passos e ningu\u00e9m se feriu. Devido a interdi\u00e7\u00e3o das pistas, exclusiva de \u00f4nibus e de carros, os motoristas est\u00e3o [&hellip;]<\/p>\n","protected":false},"author":96,"featured_media":90794,"comment_status":"closed","ping_status":"closed","sticky":false,"template":"","format":"standard","meta":{"footnotes":""},"categories":[253],"tags":[],"class_list":["post-90795","post","type-post","status-publish","format-standard","has-post-thumbnail","hentry","category-cidade"],"_links":{"self":[{"href":"https:\/\/diarioregionaldigital.com.br\/index.php?rest_route=\/wp\/v2\/posts\/90795","targetHints":{"allow":["GET"]}}],"collection":[{"href":"https:\/\/diarioregionaldigital.com.br\/index.php?rest_route=\/wp\/v2\/posts"}],"about":[{"href":"https:\/\/diarioregionaldigital.com.br\/index.php?rest_route=\/wp\/v2\/types\/post"}],"author":[{"embeddable":true,"href":"https:\/\/diarioregionaldigital.com.br\/index.php?rest_route=\/wp\/v2\/users\/96"}],"replies":[{"embeddable":true,"href":"https:\/\/diarioregionaldigital.com.br\/index.php?rest_route=%2Fwp%2Fv2%2Fcomments&post=90795"}],"version-history":[{"count":0,"href":"https:\/\/diarioregionaldigital.com.br\/index.php?rest_route=\/wp\/v2\/posts\/90795\/revisions"}],"wp:featuredmedia":[{"embeddable":true,"href":"https:\/\/diarioregionaldigital.com.br\/index.php?rest_route=\/wp\/v2\/media\/90794"}],"wp:attachment":[{"href":"https:\/\/diarioregionaldigital.com.br\/index.php?rest_route=%2Fwp%2Fv2%2Fmedia&parent=90795"}],"wp:term":[{"taxonomy":"category","embeddable":true,"href":"https:\/\/diarioregionaldigital.com.br\/index.php?rest_route=%2Fwp%2Fv2%2Fcategories&post=90795"},{"taxonomy":"post_tag","embeddable":true,"href":"https:\/\/diarioregionaldigital.com.br\/index.php?rest_route=%2Fwp%2Fv2%2Ftags&post=90795"}],"curies":[{"name":"wp","href":"https:\/\/api.w.org\/{rel}","templated":true}]}}