{"id":90793,"date":"2018-01-30T20:46:53","date_gmt":"2018-01-30T22:46:53","guid":{"rendered":"http:\/\/diarioregionaljf.com.br\/2018\/01\/30\/traficante-brasileiro-chefe-de-quadrilha-no-paraguai-e-detido-em-assuncao\/"},"modified":"2018-01-30T20:46:53","modified_gmt":"2018-01-30T22:46:53","slug":"traficante-brasileiro-chefe-de-quadrilha-no-paraguai-e-detido-em-assuncao","status":"publish","type":"post","link":"https:\/\/diarioregionaldigital.com.br\/?p=90793","title":{"rendered":"Traficante brasileiro, chefe de quadrilha no Paraguai, \u00e9 detido em Assun\u00e7\u00e3o"},"content":{"rendered":"<p>Agentes antidrogas paraguaios detiveram nessa ter\u00e7a-feira, 30, em um departamento de Assun\u00e7\u00e3o o traficante brasileiro Adriano Augustin Calonga Lechuga, considerado o chefe de um grupo criminoso dedicado ao tr\u00e1fico de armas e de coca\u00edna do Paraguai ao Brasil. A informa\u00e7\u00e3o \u00e9 da ag\u00eancia EFE.<\/p>\n<p>A deten\u00e7\u00e3o aconteceu em um edif\u00edcio de apartamentos luxuosos em um bairro da capital paraguaia, onde Adriano vivia sozinho, segundo informou a Secretaria Nacional Antidrogas (Senad). O brasileiro, que permanece na sede de opera\u00e7\u00f5es da Senad, estava foragido desde meados de 2017 e se refugiou no Paraguai para continuar com suas opera\u00e7\u00f5es de narcotr\u00e1fico, disse a fonte em um comunicado.<\/p>\n<p>Sua sa\u00edda do Brasil ocorreu ap\u00f3s a \u201cOpera\u00e7\u00e3o Malote&#8221;, realizada pela Pol\u00edcia Federal brasileira e na qual foram confiscados mais de 400 quilos de coca\u00edna e cinco toneladas de maconha. De acordo com a Senad, o traficante liderava no Paraguai uma organiza\u00e7\u00e3o que transferia at\u00e9 400 quilos de coca\u00edna e toneladas de maconha para os estados de S\u00e3o Paulo, Rio de Janeiro e Rio Grande do Sul.<\/p>\n<p>As autoridades paraguaias aguardam a extradi\u00e7\u00e3o de Adriano ao Brasil, onde existe uma ordem de pris\u00e3o contra o mesmo, explicou a Senad.<\/p>\n<p>Fonte: Ag\u00eancia Brasil<\/p>\n","protected":false},"excerpt":{"rendered":"<p>Agentes antidrogas paraguaios detiveram nessa ter\u00e7a-feira, 30, em um departamento de Assun\u00e7\u00e3o o traficante brasileiro Adriano Augustin Calonga Lechuga, considerado o chefe de um grupo criminoso dedicado ao tr\u00e1fico de armas e de coca\u00edna do Paraguai ao Brasil. A informa\u00e7\u00e3o \u00e9 da ag\u00eancia EFE. A deten\u00e7\u00e3o aconteceu em um edif\u00edcio de apartamentos luxuosos em um [&hellip;]<\/p>\n","protected":false},"author":96,"featured_media":90792,"comment_status":"closed","ping_status":"closed","sticky":false,"template":"","format":"standard","meta":{"footnotes":""},"categories":[302],"tags":[],"class_list":["post-90793","post","type-post","status-publish","format-standard","has-post-thumbnail","hentry","category-brasil-mundo"],"_links":{"self":[{"href":"https:\/\/diarioregionaldigital.com.br\/index.php?rest_route=\/wp\/v2\/posts\/90793","targetHints":{"allow":["GET"]}}],"collection":[{"href":"https:\/\/diarioregionaldigital.com.br\/index.php?rest_route=\/wp\/v2\/posts"}],"about":[{"href":"https:\/\/diarioregionaldigital.com.br\/index.php?rest_route=\/wp\/v2\/types\/post"}],"author":[{"embeddable":true,"href":"https:\/\/diarioregionaldigital.com.br\/index.php?rest_route=\/wp\/v2\/users\/96"}],"replies":[{"embeddable":true,"href":"https:\/\/diarioregionaldigital.com.br\/index.php?rest_route=%2Fwp%2Fv2%2Fcomments&post=90793"}],"version-history":[{"count":0,"href":"https:\/\/diarioregionaldigital.com.br\/index.php?rest_route=\/wp\/v2\/posts\/90793\/revisions"}],"wp:featuredmedia":[{"embeddable":true,"href":"https:\/\/diarioregionaldigital.com.br\/index.php?rest_route=\/wp\/v2\/media\/90792"}],"wp:attachment":[{"href":"https:\/\/diarioregionaldigital.com.br\/index.php?rest_route=%2Fwp%2Fv2%2Fmedia&parent=90793"}],"wp:term":[{"taxonomy":"category","embeddable":true,"href":"https:\/\/diarioregionaldigital.com.br\/index.php?rest_route=%2Fwp%2Fv2%2Fcategories&post=90793"},{"taxonomy":"post_tag","embeddable":true,"href":"https:\/\/diarioregionaldigital.com.br\/index.php?rest_route=%2Fwp%2Fv2%2Ftags&post=90793"}],"curies":[{"name":"wp","href":"https:\/\/api.w.org\/{rel}","templated":true}]}}