{"id":90791,"date":"2018-01-30T20:42:16","date_gmt":"2018-01-30T22:42:16","guid":{"rendered":"http:\/\/diarioregionaljf.com.br\/2018\/01\/30\/oms-alerta-sobre-resistencia-generalizada-a-antibioticos\/"},"modified":"2018-01-30T20:42:16","modified_gmt":"2018-01-30T22:42:16","slug":"oms-alerta-sobre-resistencia-generalizada-a-antibioticos","status":"publish","type":"post","link":"https:\/\/diarioregionaldigital.com.br\/?p=90791","title":{"rendered":"OMS alerta sobre resist\u00eancia generalizada a antibi\u00f3ticos"},"content":{"rendered":"<p>A Organiza\u00e7\u00e3o Mundial da Sa\u00fade (OMS) alertou nessa segunda-feira, 29, sobre a resist\u00eancia generalizada aos antibi\u00f3ticos que s\u00e3o usados para combater bact\u00e9rias que causam v\u00e1rias infe\u00e7\u00f5es. Os mais frequentes microrganismos causadores de doen\u00e7as s\u00e3o a Escherichia coli, que provoca infe\u00e7\u00f5es do trato urin\u00e1rio, e as bact\u00e9rias Klebsiella pneumoniae, a Staphylococcus aureus e a Streptococcus pneumoniae, que causam a pneumonia, seguidas pela salmonella. A informa\u00e7\u00e3o \u00e9 da ONU News.<\/p>\n<p>A OMS lan\u00e7ou no in\u00edcio desta semana o Sistema Mundial de Vigil\u00e2ncia da Resist\u00eancia aos Antimicrobianos, visando &#8220;padronizar a coleta de dados dos pa\u00edses para dar uma imagem mais completa dos padr\u00f5es e tend\u00eancias&#8221; referentes ao assunto.<\/p>\n<p>Segundo a ag\u00eancia da ONU, o sistema n\u00e3o inclui dados sobre a resist\u00eancia da bact\u00e9ria que provoca a tuberculose, a Mycobacterium tuberculosis, porque o relat\u00f3rio global sobre a doen\u00e7a j\u00e1 inclui essas atualiza\u00e7\u00f5es desde 1994.<\/p>\n<p>Um estudo da OMS analisou pacientes com suspeita de infe\u00e7\u00e3o sangu\u00ednea em diversos pa\u00edses, onde as bact\u00e9rias resistentes a pelo menos um dos antibi\u00f3ticos variou de zero a 82%. A ag\u00eancia revelou ainda que a resist\u00eancia \u00e0 penicilina, usada h\u00e1 d\u00e9cadas para tratar a pneumonia, variou de zero a 5% entre os pa\u00edses que reportaram sua situa\u00e7\u00e3o. E uma propor\u00e7\u00e3o entre 8% a 65% de infectados pela bact\u00e9ria E. Coli apresentou resist\u00eancia ao antibi\u00f3tico ciprofloxacina que trata a infec\u00e7\u00e3o.<\/p>\n<p>&nbsp;<\/p>\n<h4>BRASIL E MO\u00c7AMBIQUE<\/h4>\n<p>Brasil e Mo\u00e7ambique s\u00e3os os \u00fanicos pa\u00edses de l\u00edngua portuguesa inclu\u00eddos no Sistema Global de Vigil\u00e2ncia Antimicrobiana da OMS, que envolve 25 pa\u00edses de alta renda, 20 de renda m\u00e9dia e sete de baixa renda. Timor-Leste est\u00e1 ainda por adotar as regras do sistema de vigil\u00e2ncia nacional. A OMS disse apoiar os pa\u00edses a criarem esses guias para que haja dados confi\u00e1veis e significativos sobre a sua situa\u00e7\u00e3o.<\/p>\n<p>Fonte: Ag\u00eancia Brasil<\/p>\n","protected":false},"excerpt":{"rendered":"<p>A Organiza\u00e7\u00e3o Mundial da Sa\u00fade (OMS) alertou nessa segunda-feira, 29, sobre a resist\u00eancia generalizada aos antibi\u00f3ticos que s\u00e3o usados para combater bact\u00e9rias que causam v\u00e1rias infe\u00e7\u00f5es. Os mais frequentes microrganismos causadores de doen\u00e7as s\u00e3o a Escherichia coli, que provoca infe\u00e7\u00f5es do trato urin\u00e1rio, e as bact\u00e9rias Klebsiella pneumoniae, a Staphylococcus aureus e a Streptococcus pneumoniae, [&hellip;]<\/p>\n","protected":false},"author":96,"featured_media":90790,"comment_status":"closed","ping_status":"closed","sticky":false,"template":"","format":"standard","meta":{"footnotes":""},"categories":[302],"tags":[],"class_list":["post-90791","post","type-post","status-publish","format-standard","has-post-thumbnail","hentry","category-brasil-mundo"],"_links":{"self":[{"href":"https:\/\/diarioregionaldigital.com.br\/index.php?rest_route=\/wp\/v2\/posts\/90791","targetHints":{"allow":["GET"]}}],"collection":[{"href":"https:\/\/diarioregionaldigital.com.br\/index.php?rest_route=\/wp\/v2\/posts"}],"about":[{"href":"https:\/\/diarioregionaldigital.com.br\/index.php?rest_route=\/wp\/v2\/types\/post"}],"author":[{"embeddable":true,"href":"https:\/\/diarioregionaldigital.com.br\/index.php?rest_route=\/wp\/v2\/users\/96"}],"replies":[{"embeddable":true,"href":"https:\/\/diarioregionaldigital.com.br\/index.php?rest_route=%2Fwp%2Fv2%2Fcomments&post=90791"}],"version-history":[{"count":0,"href":"https:\/\/diarioregionaldigital.com.br\/index.php?rest_route=\/wp\/v2\/posts\/90791\/revisions"}],"wp:featuredmedia":[{"embeddable":true,"href":"https:\/\/diarioregionaldigital.com.br\/index.php?rest_route=\/wp\/v2\/media\/90790"}],"wp:attachment":[{"href":"https:\/\/diarioregionaldigital.com.br\/index.php?rest_route=%2Fwp%2Fv2%2Fmedia&parent=90791"}],"wp:term":[{"taxonomy":"category","embeddable":true,"href":"https:\/\/diarioregionaldigital.com.br\/index.php?rest_route=%2Fwp%2Fv2%2Fcategories&post=90791"},{"taxonomy":"post_tag","embeddable":true,"href":"https:\/\/diarioregionaldigital.com.br\/index.php?rest_route=%2Fwp%2Fv2%2Ftags&post=90791"}],"curies":[{"name":"wp","href":"https:\/\/api.w.org\/{rel}","templated":true}]}}