{"id":90789,"date":"2018-01-30T20:39:15","date_gmt":"2018-01-30T22:39:15","guid":{"rendered":"http:\/\/diarioregionaljf.com.br\/2018\/01\/30\/parlamento-catalao-adia-posse-de-puigdemont\/"},"modified":"2018-01-30T20:39:15","modified_gmt":"2018-01-30T22:39:15","slug":"parlamento-catalao-adia-posse-de-puigdemont","status":"publish","type":"post","link":"https:\/\/diarioregionaldigital.com.br\/?p=90789","title":{"rendered":"Parlamento catal\u00e3o adia posse de Puigdemont"},"content":{"rendered":"<p>Estava marcada para a tarde dessa ter\u00e7a-feira, 30, a sess\u00e3o no Parlamento catal\u00e3o que daria posse a Carles Puigdemont como novo presidente da comunidade aut\u00f4noma. No entanto, o presidente do Parlamento, Roger Torrent, adiou a sess\u00e3o indefinidamente, at\u00e9 que o Tribunal Constitucional responda ao recurso que questiona o impedimento de Puigdemont.<\/p>\n<p>Carles Puigdemont foi escolhido pela maioria dos parlamentares catal\u00e3es como o candidato para reassumir o governo da regi\u00e3o. O problema \u00e9 que ele est\u00e1 autoexilado na B\u00e9lgica desde outubro do ano passado, quando o governo central espanhol o destituiu e suspendeu temporariamente a autonomia da regi\u00e3o. Na Espanha, h\u00e1 uma ordem de pris\u00e3o contra ele por sua atua\u00e7\u00e3o na declara\u00e7\u00e3o unilateral de independ\u00eancia.<\/p>\n<p>Puigdemont e seus aliados haviam sugerido uma posse a dist\u00e2ncia, feita pela internet ou com a representa\u00e7\u00e3o de algum deputado, mas o Tribunal Constitucional descartou essa op\u00e7\u00e3o e disse que Puigdemont teria de comparecer pessoalmente \u00e0 sess\u00e3o de investidura. Os conselheiros jur\u00eddicos do Parlamento tamb\u00e9m afirmaram que ser eleito remotamente violaria a lei.<\/p>\n<p>O presidente do Parlamento, que \u00e9 do partido independentista Esquerda Republicana da Catalunha (ERC), afirmou que n\u00e3o indicar\u00e1 um outro nome para assumir o cargo e que garantir\u00e1 a imunidade de Puigdemont.<\/p>\n<p>O primeiro-ministro da Espanha, Mariano Rajoy, reiterou hoje que Puigdemont n\u00e3o pode assumir o cargo e pediu aos independentistas que cumpram a lei.<\/p>\n<p>Fonte: Ag\u00eancia Brasil<\/p>\n","protected":false},"excerpt":{"rendered":"<p>Estava marcada para a tarde dessa ter\u00e7a-feira, 30, a sess\u00e3o no Parlamento catal\u00e3o que daria posse a Carles Puigdemont como novo presidente da comunidade aut\u00f4noma. No entanto, o presidente do Parlamento, Roger Torrent, adiou a sess\u00e3o indefinidamente, at\u00e9 que o Tribunal Constitucional responda ao recurso que questiona o impedimento de Puigdemont. Carles Puigdemont foi escolhido [&hellip;]<\/p>\n","protected":false},"author":96,"featured_media":90788,"comment_status":"closed","ping_status":"closed","sticky":false,"template":"","format":"standard","meta":{"footnotes":""},"categories":[302],"tags":[],"class_list":["post-90789","post","type-post","status-publish","format-standard","has-post-thumbnail","hentry","category-brasil-mundo"],"_links":{"self":[{"href":"https:\/\/diarioregionaldigital.com.br\/index.php?rest_route=\/wp\/v2\/posts\/90789","targetHints":{"allow":["GET"]}}],"collection":[{"href":"https:\/\/diarioregionaldigital.com.br\/index.php?rest_route=\/wp\/v2\/posts"}],"about":[{"href":"https:\/\/diarioregionaldigital.com.br\/index.php?rest_route=\/wp\/v2\/types\/post"}],"author":[{"embeddable":true,"href":"https:\/\/diarioregionaldigital.com.br\/index.php?rest_route=\/wp\/v2\/users\/96"}],"replies":[{"embeddable":true,"href":"https:\/\/diarioregionaldigital.com.br\/index.php?rest_route=%2Fwp%2Fv2%2Fcomments&post=90789"}],"version-history":[{"count":0,"href":"https:\/\/diarioregionaldigital.com.br\/index.php?rest_route=\/wp\/v2\/posts\/90789\/revisions"}],"wp:featuredmedia":[{"embeddable":true,"href":"https:\/\/diarioregionaldigital.com.br\/index.php?rest_route=\/wp\/v2\/media\/90788"}],"wp:attachment":[{"href":"https:\/\/diarioregionaldigital.com.br\/index.php?rest_route=%2Fwp%2Fv2%2Fmedia&parent=90789"}],"wp:term":[{"taxonomy":"category","embeddable":true,"href":"https:\/\/diarioregionaldigital.com.br\/index.php?rest_route=%2Fwp%2Fv2%2Fcategories&post=90789"},{"taxonomy":"post_tag","embeddable":true,"href":"https:\/\/diarioregionaldigital.com.br\/index.php?rest_route=%2Fwp%2Fv2%2Ftags&post=90789"}],"curies":[{"name":"wp","href":"https:\/\/api.w.org\/{rel}","templated":true}]}}