{"id":90787,"date":"2018-01-30T20:32:52","date_gmt":"2018-01-30T22:32:52","guid":{"rendered":"http:\/\/diarioregionaljf.com.br\/2018\/01\/30\/caixa-estuda-incluir-eletrodomesticos-no-minha-casa-minha-vida\/"},"modified":"2018-01-30T20:32:52","modified_gmt":"2018-01-30T22:32:52","slug":"caixa-estuda-incluir-eletrodomesticos-no-minha-casa-minha-vida","status":"publish","type":"post","link":"https:\/\/diarioregionaldigital.com.br\/?p=90787","title":{"rendered":"Caixa estuda incluir eletrodom\u00e9sticos no Minha Casa, Minha Vida"},"content":{"rendered":"<p>O presidente da Caixa Econ\u00f4mica Federal, Gilberto Occhi, informou nessa ter\u00e7a-feira, 30, que a institui\u00e7\u00e3o financeira estuda, em parceria com o Minist\u00e9rio das Cidades, incluir nos im\u00f3veis do Programa Minha Casa, Minha Vida (MCMV) uma geladeira, um fog\u00e3o e uma televis\u00e3o.<\/p>\n<p>\u201cIsso tem que colocar no pre\u00e7o. Se dentro da sua casa tem uma pia, tem um vaso sanit\u00e1rio, tem um tanque, a gente quer colocar tamb\u00e9m um fog\u00e3o, uma geladeira e uma televis\u00e3o. N\u00f3s estamos estudando isso, para que voc\u00ea possa ter um conforto melhor, uma condi\u00e7\u00e3o melhor. Agora, isso vir\u00e1 dentro da presta\u00e7\u00e3o que voc\u00eas v\u00e3o pagar\u201d, anunciou, na cerim\u00f4nia de entrega de 800 unidades do Residencial Vila Carioca, em Jacarepagu\u00e1, na zona oeste do Rio de Janeiro.<\/p>\n<p>O Residencial Vila Carioca \u00e9 um empreendimento destinado a fam\u00edlias da Faixa I do MCMV, com renda de at\u00e9 R$1.800.<\/p>\n<p>Occhi fez o an\u00fancio ap\u00f3s ser provocado pelo prefeito do Rio de Janeiro, Marcelo Crivella, e pelo ministro da Secretaria-Geral da Presid\u00eancia da Rep\u00fablica, Moreira Franco, para que providenciasse uma forma de equipar as casas entregues pelo programa.<\/p>\n<p>O ministro Moreira Franco disse que as obras do programa em andamento s\u00e3o uma forma eficiente de combater o desemprego. \u201cH\u00e1 dois, tr\u00eas meses, estamos quase que todas as semanas participando da entrega de dois ou tr\u00eas empreendimentos pelo Brasil afora, com o objetivo de garantir o sorriso, a alegria, a satisfa\u00e7\u00e3o, a autoestima, que n\u00f3s estamos tendo a oportunidade de conviver e de presenciar. Porque nada \u00e9 mais importante do que a casa pr\u00f3pria. Ela significa n\u00e3o s\u00f3 a realiza\u00e7\u00e3o de um sonho, mas ela significa sobretudo a possibilidade de se ter um teto para se constituir um lar, uma fam\u00edlia, educar os filhos, educar os netos e abrir a possibilidade de vivermos em uma sociedade em que as oportunidades sejam iguais para todos\u201d.<\/p>\n<p>Uma das moradoras do Residencial Vila Carioca ser\u00e1 a aposentada Maria Lu\u00edza Freitas dos Santos, de 77 anos, que vive atualmente na casa de um filho, em Santa Cruz. Ela ficou seis anos \u00e0 espera de um im\u00f3vel do programa.<\/p>\n<p>\u201cL\u00e1 [Santa Cruz] j\u00e1 foi \u00e1rea de risco de enchente, mas agora \u00e9 risco de viol\u00eancia. Foi em 2011 que eu fiz a assinatura e esperei seis anos. J\u00e1 tinha perdido a esperan\u00e7a, pensei que eles n\u00e3o iam mais me dar porque eu estou velha. Da\u00ed no ano retrasado recebi a carta e estou muito feliz. \u00c9 um financiamento, vou pagar R$88 mensais, e \u00e1gua, luz, g\u00e1s. Estou muito feliz, porque esperei bastante tempo. Tenho muitos filhos, cada um vai passar um tempo comigo\u201d.<\/p>\n<p>Segundo a Caixa, mais 520 im\u00f3veis no local est\u00e3o em fase de finaliza\u00e7\u00e3o e em breve ser\u00e3o entregues para as fam\u00edlias, que pagar\u00e3o presta\u00e7\u00f5es que variam de R$80 a R$270. Os im\u00f3veis entregues abrigar\u00e3o cerca de 3.200 pessoas. Cada apartamento tem 44 metros quadrados, com dois quartos, sala, banheiro, cozinha e \u00e1rea de servi\u00e7o. O condom\u00ednio tem guarita, estacionamento, \u00e1rea de lazer, parque infantil, centro comunit\u00e1rio e quadra de esporte. A regi\u00e3o \u00e9 atendida por uma escola municipal e uma cl\u00ednica da fam\u00edlia.<\/p>\n<p>O Minha Casa, Minha Vida j\u00e1 entregou mais de 3,6 milh\u00f5es de moradias em todo o Brasil, sendo 156.420 no estado do Rio de Janeiro e 62.132 na capital.<\/p>\n<p>Fonte: Ag\u00eancia Brasil<\/p>\n","protected":false},"excerpt":{"rendered":"<p>O presidente da Caixa Econ\u00f4mica Federal, Gilberto Occhi, informou nessa ter\u00e7a-feira, 30, que a institui\u00e7\u00e3o financeira estuda, em parceria com o Minist\u00e9rio das Cidades, incluir nos im\u00f3veis do Programa Minha Casa, Minha Vida (MCMV) uma geladeira, um fog\u00e3o e uma televis\u00e3o. \u201cIsso tem que colocar no pre\u00e7o. Se dentro da sua casa tem uma pia, [&hellip;]<\/p>\n","protected":false},"author":96,"featured_media":90786,"comment_status":"closed","ping_status":"closed","sticky":false,"template":"","format":"standard","meta":{"footnotes":""},"categories":[302],"tags":[],"class_list":["post-90787","post","type-post","status-publish","format-standard","has-post-thumbnail","hentry","category-brasil-mundo"],"_links":{"self":[{"href":"https:\/\/diarioregionaldigital.com.br\/index.php?rest_route=\/wp\/v2\/posts\/90787","targetHints":{"allow":["GET"]}}],"collection":[{"href":"https:\/\/diarioregionaldigital.com.br\/index.php?rest_route=\/wp\/v2\/posts"}],"about":[{"href":"https:\/\/diarioregionaldigital.com.br\/index.php?rest_route=\/wp\/v2\/types\/post"}],"author":[{"embeddable":true,"href":"https:\/\/diarioregionaldigital.com.br\/index.php?rest_route=\/wp\/v2\/users\/96"}],"replies":[{"embeddable":true,"href":"https:\/\/diarioregionaldigital.com.br\/index.php?rest_route=%2Fwp%2Fv2%2Fcomments&post=90787"}],"version-history":[{"count":0,"href":"https:\/\/diarioregionaldigital.com.br\/index.php?rest_route=\/wp\/v2\/posts\/90787\/revisions"}],"wp:featuredmedia":[{"embeddable":true,"href":"https:\/\/diarioregionaldigital.com.br\/index.php?rest_route=\/wp\/v2\/media\/90786"}],"wp:attachment":[{"href":"https:\/\/diarioregionaldigital.com.br\/index.php?rest_route=%2Fwp%2Fv2%2Fmedia&parent=90787"}],"wp:term":[{"taxonomy":"category","embeddable":true,"href":"https:\/\/diarioregionaldigital.com.br\/index.php?rest_route=%2Fwp%2Fv2%2Fcategories&post=90787"},{"taxonomy":"post_tag","embeddable":true,"href":"https:\/\/diarioregionaldigital.com.br\/index.php?rest_route=%2Fwp%2Fv2%2Ftags&post=90787"}],"curies":[{"name":"wp","href":"https:\/\/api.w.org\/{rel}","templated":true}]}}