{"id":90785,"date":"2018-01-30T20:28:05","date_gmt":"2018-01-30T22:28:05","guid":{"rendered":"http:\/\/diarioregionaljf.com.br\/2018\/01\/30\/moda-show-6\/"},"modified":"2018-01-30T20:28:05","modified_gmt":"2018-01-30T22:28:05","slug":"moda-show-6","status":"publish","type":"post","link":"https:\/\/diarioregionaldigital.com.br\/?p=90785","title":{"rendered":"Moda Show"},"content":{"rendered":"<p style=\"text-align: center;\"><span class=\"h4\">Carnaval JF 2018<\/span><br \/>Depois do sucesso de seu baile na sede social do Ol\u00edmpico, o Bloco do Batom com a presidente Ana Braida, e a particularidade de participa\u00e7\u00e3o s\u00f3 de mulheres, est\u00e3o ansiosas para o desfile onde estar\u00e3o cantando o samba de Edmar Augusto com a int\u00e9rprete D\u00e9bora Almada entoando o tema \u201cSou Batom Sou Alegria Sou Cigano e Fantasia\u201d. Vai bombar e o desfile ser\u00e1 dia 6 de fevereiro.<\/p>\n<p style=\"text-align: center;\"><span class=\"h4\">Moda Show<\/span><br \/>Nessas idas e vindas da moda, o biqu\u00edni cavad\u00e3o, fundamento dos anos 1980, conseguiu novamente seu lugar ao sol. \u00c9 o retorno triunfal da modelagem asa-delta e afins. No Brasil, grifes como \u00c1gua de Coco e Trya investiram na tend\u00eancia; l\u00e1 fora, Versace e Baja East foram seduzidas pelo canto da sereia. Entre os novos criadores de beachwear, de Minas Gerais ao Canad\u00e1, esse shape \u00e9 coqueluche, \u00e9 o ver\u00e3o das cavas.<\/p>\n<p style=\"text-align: center;\"><span class=\"h4\">Solidariedade<\/span><br \/>T\u00e2mara Lis avisa: em boa hora, a reitora da Est\u00e1cio, M\u00e1rcia Mota, fez a entrega de 2.270 l\u00e2mpadas fluorescentes e 1.480 reatores \u2013 rec\u00e9m substitu\u00eddos no centro universit\u00e1rio de Juiz de Fora \u2013 para a Arquidiocese de JF e Instituto Bruno. O material el\u00e9trico vai beneficiar dezenas de fam\u00edlias carentes.<\/p>\n<p style=\"text-align: center;\"><span class=\"h4\">Direto do Pantanal<\/span><br \/>Depois do sucesso em sua estreia no fim do ano passado em Minas Gerais, o Altitude 67 retorna a Belo Horizonte para apresenta\u00e7\u00e3o no domingo de carnaval no Rooftop Garden, no Ponteio. O grupo \u00e9 conhecido por misturar pagode com rap, reggae e funk.<\/p>\n<p style=\"text-align: center;\"><img decoding=\"async\" class=\" size-full wp-image-90775\" src=\"http:\/\/diarioregionaljf.com.br\/wp-content\/uploads\/2018\/01\/diario-int-23646-1.jpg\" alt=\"fotoa.jpg\" width=\"680\" style=\"display: block; margin-left: auto; margin-right: auto;\" srcset=\"https:\/\/diarioregionaldigital.com.br\/wp-content\/uploads\/2018\/01\/diario-int-23646-1.jpg 680w, https:\/\/diarioregionaldigital.com.br\/wp-content\/uploads\/2018\/01\/diario-int-23646-1-300x199.jpg 300w, https:\/\/diarioregionaldigital.com.br\/wp-content\/uploads\/2018\/01\/diario-int-23646-1-360x238.jpg 360w\" sizes=\"(max-width: 680px) 100vw, 680px\" \/>Linda, Rachel Alexandre exibe brinco Top by Candy para as formandas 2018 de luxo \u00edmpar<\/p>\n<p style=\"text-align: center;\"><img decoding=\"async\" class=\" size-full wp-image-90776\" src=\"http:\/\/diarioregionaljf.com.br\/wp-content\/uploads\/2018\/01\/diario-int-23646-2.jpg\" alt=\"fotoc.jpg\" width=\"680\" style=\"display: block; margin-left: auto; margin-right: auto;\" srcset=\"https:\/\/diarioregionaldigital.com.br\/wp-content\/uploads\/2018\/01\/diario-int-23646-2.jpg 680w, https:\/\/diarioregionaldigital.com.br\/wp-content\/uploads\/2018\/01\/diario-int-23646-2-300x199.jpg 300w, https:\/\/diarioregionaldigital.com.br\/wp-content\/uploads\/2018\/01\/diario-int-23646-2-360x238.jpg 360w\" sizes=\"(max-width: 680px) 100vw, 680px\" \/>O coiffeur Jos\u00e9 Ronaldo, em doce-far-niente em S\u00e3o Jo\u00e3o Nepomuceno<\/p>\n<p style=\"text-align: center;\"><img decoding=\"async\" class=\" size-full wp-image-90777\" src=\"http:\/\/diarioregionaljf.com.br\/wp-content\/uploads\/2018\/01\/diario-int-23646-3.jpg\" alt=\"fotoe.jpg\" width=\"680\" style=\"display: block; margin-left: auto; margin-right: auto;\" srcset=\"https:\/\/diarioregionaldigital.com.br\/wp-content\/uploads\/2018\/01\/diario-int-23646-3.jpg 680w, https:\/\/diarioregionaldigital.com.br\/wp-content\/uploads\/2018\/01\/diario-int-23646-3-300x199.jpg 300w, https:\/\/diarioregionaldigital.com.br\/wp-content\/uploads\/2018\/01\/diario-int-23646-3-360x238.jpg 360w\" sizes=\"(max-width: 680px) 100vw, 680px\" \/>Em S\u00e3o Pedro, os antenados: jornalista Talison Vardiero e o estilista&nbsp; Guunh Green<\/p>\n<p style=\"text-align: center;\"><img decoding=\"async\" class=\" size-full wp-image-90778\" src=\"http:\/\/diarioregionaljf.com.br\/wp-content\/uploads\/2018\/01\/diario-int-23646-4.jpg\" alt=\"fotof.jpg\" width=\"680\" style=\"display: block; margin-left: auto; margin-right: auto;\" srcset=\"https:\/\/diarioregionaldigital.com.br\/wp-content\/uploads\/2018\/01\/diario-int-23646-4.jpg 680w, https:\/\/diarioregionaldigital.com.br\/wp-content\/uploads\/2018\/01\/diario-int-23646-4-300x199.jpg 300w, https:\/\/diarioregionaldigital.com.br\/wp-content\/uploads\/2018\/01\/diario-int-23646-4-360x238.jpg 360w\" sizes=\"(max-width: 680px) 100vw, 680px\" \/>Absoluto no ME Guste, Alexandre Silva, fotografado por Cl\u00e1udia Nunes (Oclick)<\/p>\n<p style=\"text-align: center;\"><img decoding=\"async\" class=\" size-full wp-image-90779\" src=\"http:\/\/diarioregionaljf.com.br\/wp-content\/uploads\/2018\/01\/diario-int-23646-5.jpg\" alt=\"fotog.jpg\" width=\"680\" style=\"display: block; margin-left: auto; margin-right: auto;\" srcset=\"https:\/\/diarioregionaldigital.com.br\/wp-content\/uploads\/2018\/01\/diario-int-23646-5.jpg 680w, https:\/\/diarioregionaldigital.com.br\/wp-content\/uploads\/2018\/01\/diario-int-23646-5-300x199.jpg 300w, https:\/\/diarioregionaldigital.com.br\/wp-content\/uploads\/2018\/01\/diario-int-23646-5-360x238.jpg 360w\" sizes=\"(max-width: 680px) 100vw, 680px\" \/>No Funny Fest, os amigos Jussara Ramos de Oliveira e Petterson Marciano<\/p>\n<p style=\"text-align: center;\"><img decoding=\"async\" class=\" size-full wp-image-90780\" src=\"http:\/\/diarioregionaljf.com.br\/wp-content\/uploads\/2018\/01\/diario-int-23646-6.jpg\" alt=\"fotoh.jpg\" width=\"680\" style=\"display: block; margin-left: auto; margin-right: auto;\" srcset=\"https:\/\/diarioregionaldigital.com.br\/wp-content\/uploads\/2018\/01\/diario-int-23646-6.jpg 680w, https:\/\/diarioregionaldigital.com.br\/wp-content\/uploads\/2018\/01\/diario-int-23646-6-300x199.jpg 300w, https:\/\/diarioregionaldigital.com.br\/wp-content\/uploads\/2018\/01\/diario-int-23646-6-360x238.jpg 360w\" sizes=\"(max-width: 680px) 100vw, 680px\" \/>Festejando 2018 no Privil\u00e9ge, Joyce Bellei<\/p>\n<p style=\"text-align: center;\"><img decoding=\"async\" class=\" size-full wp-image-90781\" src=\"http:\/\/diarioregionaljf.com.br\/wp-content\/uploads\/2018\/01\/diario-int-23646-7.jpg\" alt=\"fotoi.jpg\" width=\"680\" style=\"display: block; margin-left: auto; margin-right: auto;\" srcset=\"https:\/\/diarioregionaldigital.com.br\/wp-content\/uploads\/2018\/01\/diario-int-23646-7.jpg 680w, https:\/\/diarioregionaldigital.com.br\/wp-content\/uploads\/2018\/01\/diario-int-23646-7-300x221.jpg 300w, https:\/\/diarioregionaldigital.com.br\/wp-content\/uploads\/2018\/01\/diario-int-23646-7-360x265.jpg 360w\" sizes=\"(max-width: 680px) 100vw, 680px\" \/>A atriz Norma Blum cumprimenta o ator juiz-forano Jos\u00e9 Del Duca, nos bastidores da pe\u00e7a Angel, em S\u00e3o Paulo<\/p>\n<p style=\"text-align: center;\"><img decoding=\"async\" class=\" size-full wp-image-90782\" src=\"http:\/\/diarioregionaljf.com.br\/wp-content\/uploads\/2018\/01\/diario-int-23646-8.jpg\" alt=\"fotoj.jpg\" width=\"680\" style=\"display: block; margin-left: auto; margin-right: auto;\" srcset=\"https:\/\/diarioregionaldigital.com.br\/wp-content\/uploads\/2018\/01\/diario-int-23646-8.jpg 680w, https:\/\/diarioregionaldigital.com.br\/wp-content\/uploads\/2018\/01\/diario-int-23646-8-300x199.jpg 300w, https:\/\/diarioregionaldigital.com.br\/wp-content\/uploads\/2018\/01\/diario-int-23646-8-360x238.jpg 360w\" sizes=\"(max-width: 680px) 100vw, 680px\" \/>Em Arantina curtindo alto astral, o ator Marcos Ot\u00e1vio com a m\u00e3e Arlete Pires e o padrasto Jos\u00e9 Paulino<\/p>\n<p style=\"text-align: center;\"><img decoding=\"async\" class=\" size-full wp-image-90783\" src=\"http:\/\/diarioregionaljf.com.br\/wp-content\/uploads\/2018\/01\/diario-int-23646-9.jpg\" alt=\"fotoaa.jpg\" width=\"680\" style=\"display: block; margin-left: auto; margin-right: auto;\" srcset=\"https:\/\/diarioregionaldigital.com.br\/wp-content\/uploads\/2018\/01\/diario-int-23646-9.jpg 680w, https:\/\/diarioregionaldigital.com.br\/wp-content\/uploads\/2018\/01\/diario-int-23646-9-300x199.jpg 300w, https:\/\/diarioregionaldigital.com.br\/wp-content\/uploads\/2018\/01\/diario-int-23646-9-360x238.jpg 360w\" sizes=\"(max-width: 680px) 100vw, 680px\" \/>Gente de Carnaval em JF, na Uni\u00e3o&nbsp; das Cores, Aline Rios, Paula&nbsp; Silvestre, Bruno Black e Irlan Rios<\/p>\n<p style=\"text-align: center;\"><img decoding=\"async\" class=\" size-full wp-image-90784\" src=\"http:\/\/diarioregionaljf.com.br\/wp-content\/uploads\/2018\/01\/diario-int-23646-10.jpg\" alt=\"fotobb.jpg\" width=\"680\" style=\"display: block; margin-left: auto; margin-right: auto;\" srcset=\"https:\/\/diarioregionaldigital.com.br\/wp-content\/uploads\/2018\/01\/diario-int-23646-10.jpg 680w, https:\/\/diarioregionaldigital.com.br\/wp-content\/uploads\/2018\/01\/diario-int-23646-10-300x199.jpg 300w, https:\/\/diarioregionaldigital.com.br\/wp-content\/uploads\/2018\/01\/diario-int-23646-10-360x238.jpg 360w\" sizes=\"(max-width: 680px) 100vw, 680px\" \/>Locomotivas do Carnaval\/JF, no Bloco Nega Maria, Vani Pedro, Luciana Lopes, Delma Esteves, Fernanda Evarista e Dani Verpel absoluta<\/p>\n<p class=\"h4\" style=\"text-align: center;\">FOTOSS\u00cdNTESE<\/p>\n<p>Agendada para 3 de fevereiro, a celebra\u00e7\u00e3o pelo dia de S\u00e3o Braz, protetor das gargantas e dos radialistas e apresentadores de televis\u00e3o. As missas ser\u00e3o \u00e0s 7 horas da manh\u00e3, 17h e 19h, na Par\u00f3quia Sagrado Cora\u00e7\u00e3o de Jesus, no Bairu. Agradecemos as palavras elogiosas do P\u00e1roco Pe. Tarc\u00edsio Marcelino Ferreira Monay, pelos trabalhos criativos no Di\u00e1rio Regional e TVE &#8211; Canal 12.<\/p>\n<p>A competente vereadora delegada Sheila Oliveira, que preside a Comiss\u00e3o de Direitos da Mulher, lan\u00e7ou a campanha \u201cCarnaval sem ass\u00e9dio\u201d. Leques ser\u00e3o distribu\u00eddos nos blocos e bailes de JF.<\/p>\n<p>Manifesto: o Bloco Meu Concreto T\u00e1 Armado est\u00e1 mobilizando internautas e foli\u00f5es, esperando que a Associa\u00e7\u00e3o dos Moradores do S\u00e3o Mateus anule decis\u00e3o que impede o bloco desfilar no bairro. O Minist\u00e9rio P\u00fablico e a Associa\u00e7\u00e3o de Moradores do Bairro S\u00e3o Mateus disseram n\u00e3o.<\/p>\n<p>O Governo Federal atualizou as normas para o programa Minha Casa, Minha Vida. A Caixa Econ\u00f4mica Federal tem quatro mil im\u00f3veis sob an\u00e1lise.<\/p>\n<p>Usando a precau\u00e7\u00e3o como sinal de alerta, o lago no Campus da UFJF foi cercado por telas. Para manuten\u00e7\u00e3o do espa\u00e7o acad\u00eamico &#8211; cient\u00edfico, a tela foi instalada nas proximidades da l\u00e2mina d\u2019\u00e1gua para evitar poss\u00edveis agress\u00f5es est\u00e9ticas.<\/p>\n<p>O engenheiro Jos\u00e9 Eduardo Modesto tomou posse como Inspetor Chefe do CREA, em Juiz de Fora. Merecid\u00edssimo.<\/p>\n<p>Juiz de Fora \u00e9 a primeira cidade do interior de Minas Gerais a receber, at\u00e9 o dia 18 de mar\u00e7o, o projeto Academia do Skate, com aulas e palestras gratuitas sobre o esporte. O evento est\u00e1 centralizado no Shopping Jardim Norte. No dia 22 de fevereiro, o hexacampe\u00e3o mundial Sandro Dias, o Mineirinho, estar\u00e1 em Juiz de Fora para um rol\u00ea e bate papo com os skatistas.<\/p>\n<p>Point da nova gera\u00e7\u00e3o, o ME Gusta Cultura \u00e9 o point do momento no Alto dos Passos. Alexander Silva avisa ao colunista que o espa\u00e7o vai funcionar at\u00e9 28 de fevereiro.<\/p>\n<p>O rock de RHee e Guto agita a Maquinaria, no dia 4 de fevereiro, ao meio dia.<\/p>\n<p>A\u00ed: O que brilha com luz pr\u00f3pria nada pode apagar. Bom dia.<\/p>\n","protected":false},"excerpt":{"rendered":"<p>Carnaval JF 2018Depois do sucesso de seu baile na sede social do Ol\u00edmpico, o Bloco do Batom com a presidente Ana Braida, e a particularidade de participa\u00e7\u00e3o s\u00f3 de mulheres, est\u00e3o ansiosas para o desfile onde estar\u00e3o cantando o samba de Edmar Augusto com a int\u00e9rprete D\u00e9bora Almada entoando o tema \u201cSou Batom Sou Alegria [&hellip;]<\/p>\n","protected":false},"author":96,"featured_media":90774,"comment_status":"closed","ping_status":"closed","sticky":false,"template":"","format":"standard","meta":{"footnotes":""},"categories":[264],"tags":[],"class_list":["post-90785","post","type-post","status-publish","format-standard","has-post-thumbnail","hentry","category-eduardo-gomes"],"_links":{"self":[{"href":"https:\/\/diarioregionaldigital.com.br\/index.php?rest_route=\/wp\/v2\/posts\/90785","targetHints":{"allow":["GET"]}}],"collection":[{"href":"https:\/\/diarioregionaldigital.com.br\/index.php?rest_route=\/wp\/v2\/posts"}],"about":[{"href":"https:\/\/diarioregionaldigital.com.br\/index.php?rest_route=\/wp\/v2\/types\/post"}],"author":[{"embeddable":true,"href":"https:\/\/diarioregionaldigital.com.br\/index.php?rest_route=\/wp\/v2\/users\/96"}],"replies":[{"embeddable":true,"href":"https:\/\/diarioregionaldigital.com.br\/index.php?rest_route=%2Fwp%2Fv2%2Fcomments&post=90785"}],"version-history":[{"count":0,"href":"https:\/\/diarioregionaldigital.com.br\/index.php?rest_route=\/wp\/v2\/posts\/90785\/revisions"}],"wp:featuredmedia":[{"embeddable":true,"href":"https:\/\/diarioregionaldigital.com.br\/index.php?rest_route=\/wp\/v2\/media\/90774"}],"wp:attachment":[{"href":"https:\/\/diarioregionaldigital.com.br\/index.php?rest_route=%2Fwp%2Fv2%2Fmedia&parent=90785"}],"wp:term":[{"taxonomy":"category","embeddable":true,"href":"https:\/\/diarioregionaldigital.com.br\/index.php?rest_route=%2Fwp%2Fv2%2Fcategories&post=90785"},{"taxonomy":"post_tag","embeddable":true,"href":"https:\/\/diarioregionaldigital.com.br\/index.php?rest_route=%2Fwp%2Fv2%2Ftags&post=90785"}],"curies":[{"name":"wp","href":"https:\/\/api.w.org\/{rel}","templated":true}]}}