{"id":90771,"date":"2018-01-30T20:16:54","date_gmt":"2018-01-30T22:16:54","guid":{"rendered":"http:\/\/diarioregionaljf.com.br\/2018\/01\/30\/cartorio-paula-lima-31-01-18\/"},"modified":"2018-08-13T20:34:56","modified_gmt":"2018-08-13T23:34:56","slug":"cartorio-paula-lima-31-01-18","status":"publish","type":"post","link":"https:\/\/diarioregionaldigital.com.br\/?p=90771","title":{"rendered":"Cart\u00f3rio Paula Lima 31\/01\/18"},"content":{"rendered":"<p class=\"h4\" style=\"text-align: center;\">REP\u00daBLICA FEDERATIVA DO BRASIL ESTADO DE MINAS GERAIS<\/p>\n<p class=\"h4\" style=\"text-align: center;\">Of\u00edcio do 4\u00b0 Registro Civil das Pessoas Naturais de Juiz de Fora<br \/>Oficial: Marco-Aur\u00e9lio Esteves Vasconcellos<br \/>Rua Sebasti\u00e3o Ribeiro de Novais, n\u00b0 20, loja 02, Paula Lima &#8211; Cep.: 36.103-000<br \/>Telefones: (32) 3266-9213 e (32) 9904-4642<\/p>\n<p>Faz saber que pretendem casar-se:<br \/>VIN\u00cdCIUS NOVAIS DE FARIA, solteiro, Auxiliar T\u00e9cnico Administrativo, residente no(a) Rua Ana Luiza de Oliveira, 55, Paula Lima, Juiz de Fora &#8211; MG e THAMARA APARECIDA DA SILVA, solteira, Microempreendedora, residente no(a) Rua Vicente G\u00e1vio, 339, Paula Lima, Juiz de Fora &#8211; MG.<\/p>\n<p>Os contraentes apresentaram os documentos exigidos pelo art. 1525 do C\u00f3digo Civil Brasileiro. Se algu\u00e9m souber de algum impedimento, que os impe\u00e7am de se casar, acuse-o para os fins de direito.<\/p>\n<p>Juiz de Fora &#8211; MG, 26 de janeiro de 2018.<\/p>\n","protected":false},"excerpt":{"rendered":"<p>REP\u00daBLICA FEDERATIVA DO BRASIL ESTADO DE MINAS GERAIS Of\u00edcio do 4\u00b0 Registro Civil das Pessoas Naturais de Juiz de ForaOficial: Marco-Aur\u00e9lio Esteves VasconcellosRua Sebasti\u00e3o Ribeiro de Novais, n\u00b0 20, loja 02, Paula Lima &#8211; Cep.: 36.103-000Telefones: (32) 3266-9213 e (32) 9904-4642 Faz saber que pretendem casar-se:VIN\u00cdCIUS NOVAIS DE FARIA, solteiro, Auxiliar T\u00e9cnico Administrativo, residente no(a) [&hellip;]<\/p>\n","protected":false},"author":96,"featured_media":0,"comment_status":"closed","ping_status":"closed","sticky":false,"template":"","format":"standard","meta":{"footnotes":""},"categories":[307],"tags":[],"class_list":["post-90771","post","type-post","status-publish","format-standard","hentry","category-editais"],"_links":{"self":[{"href":"https:\/\/diarioregionaldigital.com.br\/index.php?rest_route=\/wp\/v2\/posts\/90771","targetHints":{"allow":["GET"]}}],"collection":[{"href":"https:\/\/diarioregionaldigital.com.br\/index.php?rest_route=\/wp\/v2\/posts"}],"about":[{"href":"https:\/\/diarioregionaldigital.com.br\/index.php?rest_route=\/wp\/v2\/types\/post"}],"author":[{"embeddable":true,"href":"https:\/\/diarioregionaldigital.com.br\/index.php?rest_route=\/wp\/v2\/users\/96"}],"replies":[{"embeddable":true,"href":"https:\/\/diarioregionaldigital.com.br\/index.php?rest_route=%2Fwp%2Fv2%2Fcomments&post=90771"}],"version-history":[{"count":0,"href":"https:\/\/diarioregionaldigital.com.br\/index.php?rest_route=\/wp\/v2\/posts\/90771\/revisions"}],"wp:attachment":[{"href":"https:\/\/diarioregionaldigital.com.br\/index.php?rest_route=%2Fwp%2Fv2%2Fmedia&parent=90771"}],"wp:term":[{"taxonomy":"category","embeddable":true,"href":"https:\/\/diarioregionaldigital.com.br\/index.php?rest_route=%2Fwp%2Fv2%2Fcategories&post=90771"},{"taxonomy":"post_tag","embeddable":true,"href":"https:\/\/diarioregionaldigital.com.br\/index.php?rest_route=%2Fwp%2Fv2%2Ftags&post=90771"}],"curies":[{"name":"wp","href":"https:\/\/api.w.org\/{rel}","templated":true}]}}