{"id":90769,"date":"2018-01-30T20:11:03","date_gmt":"2018-01-30T22:11:03","guid":{"rendered":"http:\/\/diarioregionaljf.com.br\/2018\/01\/30\/sindpro\/"},"modified":"2018-08-13T20:34:57","modified_gmt":"2018-08-13T23:34:57","slug":"sindpro","status":"publish","type":"post","link":"https:\/\/diarioregionaldigital.com.br\/?p=90769","title":{"rendered":"SindPro"},"content":{"rendered":"<p class=\"h4\" style=\"text-align: center;\">SINDICATO DOS PROPAGANDISTAS, PROPAGANDISTAS-VENDEDORES E VENDEDORES DE PRODUTOS FARMACEUSTICOS DO SUDESTE DO ESTADO DE MINAS GERAIS \u2013 SINDIPROJF<br \/>Categoria Profissional Diferenciada Regulamentada pela Lei 6.224d e 14\/07\/75<\/p>\n<p class=\"h4\" style=\"text-align: center;\">EDITAL DE CONVOCA\u00c7\u00c3O \u2013 ASSEMBLEIA GERAL EXTRAORDIN\u00c1RIA<\/p>\n<p style=\"text-align: center;\">Pelo presente edital, O Sindicato dos Propagandistas, Propagandistas Vendedores e Vendedores de Produtos Farmac\u00eauticos do Sudeste do Estado de Minas Gerais &#8211; SINDIPROJF com registro no CNPJ: 09.584.219\/0001-50, por seu representante legal e com fulcro no art. 8\u00b0, III, da CF, convoca os trabalhadores associados ou n\u00e3o, da categoria dos Propagandistas, Propagandistas Vendedores e Vendedores de Produtos Farmac\u00eauticos, abrangida pelos munic\u00edpios de: Al\u00e9m Para\u00edba, Astolfo Dutra, Carangola, Cataguases, Juiz de Fora, Leopoldina, Muria\u00e9, Ponte Nova, Rio Pomba, Tocantins, Ub\u00e1, Vi\u00e7osa e Visconde do Rio Branco, para se reunirem em assembleia geral extraordin\u00e1ria que se realizar\u00e1 no dia 02 de fevereiro, as 9:00 horas na Rua Santa Rita, 454, sala 301, Centro, CEP: 36010-071, Juiz de Fora \u2013 MG , para deliberarem sobre a seguinte ordem do dia: a) Discuss\u00e3o e delibera\u00e7\u00e3o sobre a pauta de reivindica\u00e7\u00f5es a ser apresentada ao Sindicato representativo da respectiva categoria econ\u00f4mica. b) Discuss\u00e3o e delibera\u00e7\u00e3o sobre autoriza\u00e7\u00e3o de desconto e recolhimento da Contribui\u00e7\u00e3o Sindical, nos termos do art. 578 e seguintes da CLT c\/c art. 8\u00b0, III e IV da CF; c) Outorga de poderes \u00e0 entidade, por seus representantes legais, para negocia\u00e7\u00e3o coletiva, celebrar acordos, requerer realiza\u00e7\u00e3o de mesa redonda junto ao MTE, constituir comiss\u00e3o de negocia\u00e7\u00e3o e, ainda, em caso de malogro das negocia\u00e7\u00f5es, suscitar diss\u00eddio coletivo junto ao Tribunal competente, em todos esses itens, assistido pela Federa\u00e7\u00e3o Interestadual dos Propagandistas. N\u00e3o havendo n\u00famero suficiente de acordo com as normas aplic\u00e1veis, em primeira convoca\u00e7\u00e3o, no hor\u00e1rio supramencionado, a mesma se realizar\u00e1 1 (uma) hora ap\u00f3s, no mesmo dia e local.<\/p>\n<p style=\"text-align: center;\">Juiz de Fora, 29 de janeiro de 2018.<br \/>Luciano Givisiez Brum \u2013 CPF: 035.726.676-58 &#8211; Presidente<\/p>\n","protected":false},"excerpt":{"rendered":"<p>SINDICATO DOS PROPAGANDISTAS, PROPAGANDISTAS-VENDEDORES E VENDEDORES DE PRODUTOS FARMACEUSTICOS DO SUDESTE DO ESTADO DE MINAS GERAIS \u2013 SINDIPROJFCategoria Profissional Diferenciada Regulamentada pela Lei 6.224d e 14\/07\/75 EDITAL DE CONVOCA\u00c7\u00c3O \u2013 ASSEMBLEIA GERAL EXTRAORDIN\u00c1RIA Pelo presente edital, O Sindicato dos Propagandistas, Propagandistas Vendedores e Vendedores de Produtos Farmac\u00eauticos do Sudeste do Estado de Minas Gerais &#8211; [&hellip;]<\/p>\n","protected":false},"author":96,"featured_media":0,"comment_status":"closed","ping_status":"closed","sticky":false,"template":"","format":"standard","meta":{"footnotes":""},"categories":[307],"tags":[],"class_list":["post-90769","post","type-post","status-publish","format-standard","hentry","category-editais"],"_links":{"self":[{"href":"https:\/\/diarioregionaldigital.com.br\/index.php?rest_route=\/wp\/v2\/posts\/90769","targetHints":{"allow":["GET"]}}],"collection":[{"href":"https:\/\/diarioregionaldigital.com.br\/index.php?rest_route=\/wp\/v2\/posts"}],"about":[{"href":"https:\/\/diarioregionaldigital.com.br\/index.php?rest_route=\/wp\/v2\/types\/post"}],"author":[{"embeddable":true,"href":"https:\/\/diarioregionaldigital.com.br\/index.php?rest_route=\/wp\/v2\/users\/96"}],"replies":[{"embeddable":true,"href":"https:\/\/diarioregionaldigital.com.br\/index.php?rest_route=%2Fwp%2Fv2%2Fcomments&post=90769"}],"version-history":[{"count":0,"href":"https:\/\/diarioregionaldigital.com.br\/index.php?rest_route=\/wp\/v2\/posts\/90769\/revisions"}],"wp:attachment":[{"href":"https:\/\/diarioregionaldigital.com.br\/index.php?rest_route=%2Fwp%2Fv2%2Fmedia&parent=90769"}],"wp:term":[{"taxonomy":"category","embeddable":true,"href":"https:\/\/diarioregionaldigital.com.br\/index.php?rest_route=%2Fwp%2Fv2%2Fcategories&post=90769"},{"taxonomy":"post_tag","embeddable":true,"href":"https:\/\/diarioregionaldigital.com.br\/index.php?rest_route=%2Fwp%2Fv2%2Ftags&post=90769"}],"curies":[{"name":"wp","href":"https:\/\/api.w.org\/{rel}","templated":true}]}}