{"id":90768,"date":"2018-01-30T20:09:24","date_gmt":"2018-01-30T22:09:24","guid":{"rendered":"http:\/\/diarioregionaljf.com.br\/2018\/01\/30\/homenagem-as-mulheres-podera-passar-a-ser-denominada-mencao-honrosa-vereadora-vera-faria\/"},"modified":"2018-01-30T20:09:24","modified_gmt":"2018-01-30T22:09:24","slug":"homenagem-as-mulheres-podera-passar-a-ser-denominada-mencao-honrosa-vereadora-vera-faria","status":"publish","type":"post","link":"https:\/\/diarioregionaldigital.com.br\/?p=90768","title":{"rendered":"Homenagem \u00e0s mulheres poder\u00e1 passar a ser denominada Men\u00e7\u00e3o Honrosa Vereadora Vera Faria"},"content":{"rendered":"<p>Men\u00e7\u00e3o Honrosa outorgada pela C\u00e2mara Municipal de Juiz de Fora anualmente \u00e0s mulheres que se destacaram na vida do munic\u00edpio passar\u00e1 a ser denominada Men\u00e7\u00e3o Honrosa Vereadora Vera Faria. A mudan\u00e7a na Resolu\u00e7\u00e3o n\u00ba 1085, de 1997, foi proposta pelo vereador Rodrigo Mattos (PSDB) nessa ter\u00e7a-feira, 30, como forma de homenagear a primeira mulher a ser eleita vereadora pelo munic\u00edpio. O texto segue para aprova\u00e7\u00e3o no per\u00edodo legislativo a ser iniciado ap\u00f3s o Carnaval. Sendo aprovada, a mudan\u00e7a j\u00e1 contempla as homenageadas de mar\u00e7o deste ano.<\/p>\n<p>Vera Faria, de 100 anos, faleceu no \u00faltimo s\u00e1bado, 27, no Rio de Janeiro, depois que foi internada para tratar uma pneumonia. O sepultamento foi realizado nessa segunda-feira, 29, no Cemit\u00e9rio Municipal de Juiz de Fora.<\/p>\n<p>Incentivadora da participa\u00e7\u00e3o da mulher na pol\u00edtica, ela assume como suas as palavras da ex-presidente do Chile, Michelle Bachelet: \u201cQuando uma mulher entra na pol\u00edtica, muda a mulher, mas quando muitas mulheres entram na pol\u00edtica, muda a pol\u00edtica\u201d.<\/p>\n<p>Vera Faria foi a quinta mais bem votada entre os eleitos para a primeira legislatura ap\u00f3s o golpe civil militar, entre 1968 e 1972.<\/p>\n<p>Fonte: Assessoria<\/p>\n","protected":false},"excerpt":{"rendered":"<p>Men\u00e7\u00e3o Honrosa outorgada pela C\u00e2mara Municipal de Juiz de Fora anualmente \u00e0s mulheres que se destacaram na vida do munic\u00edpio passar\u00e1 a ser denominada Men\u00e7\u00e3o Honrosa Vereadora Vera Faria. A mudan\u00e7a na Resolu\u00e7\u00e3o n\u00ba 1085, de 1997, foi proposta pelo vereador Rodrigo Mattos (PSDB) nessa ter\u00e7a-feira, 30, como forma de homenagear a primeira mulher a [&hellip;]<\/p>\n","protected":false},"author":96,"featured_media":90767,"comment_status":"closed","ping_status":"closed","sticky":false,"template":"","format":"standard","meta":{"footnotes":""},"categories":[254],"tags":[],"class_list":["post-90768","post","type-post","status-publish","format-standard","has-post-thumbnail","hentry","category-politica"],"_links":{"self":[{"href":"https:\/\/diarioregionaldigital.com.br\/index.php?rest_route=\/wp\/v2\/posts\/90768","targetHints":{"allow":["GET"]}}],"collection":[{"href":"https:\/\/diarioregionaldigital.com.br\/index.php?rest_route=\/wp\/v2\/posts"}],"about":[{"href":"https:\/\/diarioregionaldigital.com.br\/index.php?rest_route=\/wp\/v2\/types\/post"}],"author":[{"embeddable":true,"href":"https:\/\/diarioregionaldigital.com.br\/index.php?rest_route=\/wp\/v2\/users\/96"}],"replies":[{"embeddable":true,"href":"https:\/\/diarioregionaldigital.com.br\/index.php?rest_route=%2Fwp%2Fv2%2Fcomments&post=90768"}],"version-history":[{"count":0,"href":"https:\/\/diarioregionaldigital.com.br\/index.php?rest_route=\/wp\/v2\/posts\/90768\/revisions"}],"wp:featuredmedia":[{"embeddable":true,"href":"https:\/\/diarioregionaldigital.com.br\/index.php?rest_route=\/wp\/v2\/media\/90767"}],"wp:attachment":[{"href":"https:\/\/diarioregionaldigital.com.br\/index.php?rest_route=%2Fwp%2Fv2%2Fmedia&parent=90768"}],"wp:term":[{"taxonomy":"category","embeddable":true,"href":"https:\/\/diarioregionaldigital.com.br\/index.php?rest_route=%2Fwp%2Fv2%2Fcategories&post=90768"},{"taxonomy":"post_tag","embeddable":true,"href":"https:\/\/diarioregionaldigital.com.br\/index.php?rest_route=%2Fwp%2Fv2%2Ftags&post=90768"}],"curies":[{"name":"wp","href":"https:\/\/api.w.org\/{rel}","templated":true}]}}