{"id":90766,"date":"2018-01-30T20:05:53","date_gmt":"2018-01-30T22:05:53","guid":{"rendered":"http:\/\/diarioregionaljf.com.br\/2018\/01\/30\/tabuleiro3-30-01-18\/"},"modified":"2018-08-13T20:34:57","modified_gmt":"2018-08-13T23:34:57","slug":"tabuleiro3-30-01-18","status":"publish","type":"post","link":"https:\/\/diarioregionaldigital.com.br\/?p=90766","title":{"rendered":"Tabuleiro3 30\/01\/18"},"content":{"rendered":"<p class=\"h4\" style=\"text-align: center;\">MUNIC\u00cdPIO DE TABULEIRO ESTADO DE MINAS GERAIS<br \/>AVISO<br \/>LICITA\u00c7\u00c3O N\u00ba 008\/2018<\/p>\n<p class=\"h4\" style=\"text-align: center;\">PREG\u00c3O PRESENCIAL<\/p>\n<p style=\"text-align: center;\">O MUNIC\u00cdPIO DE TABULEIRO-MG torna p\u00fablico que far\u00e1 realizar a Licita\u00e7\u00e3o n\u00ba 008\/2018 na Modalidade \u201cPreg\u00e3o\u201d com procedimento \u201cPresencial\u201d e julgamento \u201cTipo Menor Pre\u00e7o\u201d, para Aquisi\u00e7\u00e3o de mobili\u00e1rios escolares constitu\u00eddos de conjunto aluno, em atendimento \u00e0s entidades educacionais da rede p\u00fablica de ensino do Munic\u00edpio de Tabuleiro. A sess\u00e3o ter\u00e1 in\u00edcio \u00e0s 10h00min (dez) horas do dia 16 de Fevereiro de 2018, na Sala de Licita\u00e7\u00f5es, situada \u00e0 Pra\u00e7a Alzira Moraes Prata, n\u00ba 66, Centro, Tabuleiro\/MG. O edital de licita\u00e7\u00e3o contendo todas as informa\u00e7\u00f5es est\u00e1 \u00e0 disposi\u00e7\u00e3o dos interessados, nos dias \u00fateis, no local j\u00e1 mencionado, no hor\u00e1rio de 13h00min as 17h00min.<\/p>\n<p style=\"text-align: center;\">Tabuleiro, 29 de Janeiro de 2018<\/p>\n<p style=\"text-align: center;\">Glenda Silveira Corr\u00eaa &#8211; Pregoeira<\/p>\n","protected":false},"excerpt":{"rendered":"<p>MUNIC\u00cdPIO DE TABULEIRO ESTADO DE MINAS GERAISAVISOLICITA\u00c7\u00c3O N\u00ba 008\/2018 PREG\u00c3O PRESENCIAL O MUNIC\u00cdPIO DE TABULEIRO-MG torna p\u00fablico que far\u00e1 realizar a Licita\u00e7\u00e3o n\u00ba 008\/2018 na Modalidade \u201cPreg\u00e3o\u201d com procedimento \u201cPresencial\u201d e julgamento \u201cTipo Menor Pre\u00e7o\u201d, para Aquisi\u00e7\u00e3o de mobili\u00e1rios escolares constitu\u00eddos de conjunto aluno, em atendimento \u00e0s entidades educacionais da rede p\u00fablica de ensino do [&hellip;]<\/p>\n","protected":false},"author":96,"featured_media":0,"comment_status":"closed","ping_status":"closed","sticky":false,"template":"","format":"standard","meta":{"footnotes":""},"categories":[307],"tags":[],"class_list":["post-90766","post","type-post","status-publish","format-standard","hentry","category-editais"],"_links":{"self":[{"href":"https:\/\/diarioregionaldigital.com.br\/index.php?rest_route=\/wp\/v2\/posts\/90766","targetHints":{"allow":["GET"]}}],"collection":[{"href":"https:\/\/diarioregionaldigital.com.br\/index.php?rest_route=\/wp\/v2\/posts"}],"about":[{"href":"https:\/\/diarioregionaldigital.com.br\/index.php?rest_route=\/wp\/v2\/types\/post"}],"author":[{"embeddable":true,"href":"https:\/\/diarioregionaldigital.com.br\/index.php?rest_route=\/wp\/v2\/users\/96"}],"replies":[{"embeddable":true,"href":"https:\/\/diarioregionaldigital.com.br\/index.php?rest_route=%2Fwp%2Fv2%2Fcomments&post=90766"}],"version-history":[{"count":0,"href":"https:\/\/diarioregionaldigital.com.br\/index.php?rest_route=\/wp\/v2\/posts\/90766\/revisions"}],"wp:attachment":[{"href":"https:\/\/diarioregionaldigital.com.br\/index.php?rest_route=%2Fwp%2Fv2%2Fmedia&parent=90766"}],"wp:term":[{"taxonomy":"category","embeddable":true,"href":"https:\/\/diarioregionaldigital.com.br\/index.php?rest_route=%2Fwp%2Fv2%2Fcategories&post=90766"},{"taxonomy":"post_tag","embeddable":true,"href":"https:\/\/diarioregionaldigital.com.br\/index.php?rest_route=%2Fwp%2Fv2%2Ftags&post=90766"}],"curies":[{"name":"wp","href":"https:\/\/api.w.org\/{rel}","templated":true}]}}