{"id":90765,"date":"2018-01-30T20:04:44","date_gmt":"2018-01-30T22:04:44","guid":{"rendered":"http:\/\/diarioregionaljf.com.br\/2018\/01\/30\/ibope-aponta-que-44-sao-contra-reforma-da-previdencia-anuncia-moreira-franco\/"},"modified":"2018-01-30T20:04:44","modified_gmt":"2018-01-30T22:04:44","slug":"ibope-aponta-que-44-sao-contra-reforma-da-previdencia-anuncia-moreira-franco","status":"publish","type":"post","link":"https:\/\/diarioregionaldigital.com.br\/?p=90765","title":{"rendered":"Ibope aponta que 44% s\u00e3o contra reforma da Previd\u00eancia, anuncia Moreira Franco"},"content":{"rendered":"<p>O ministro da Secretaria-Geral da Presid\u00eancia, Moreira Franco, antecipou nessa ter\u00e7a-feira, 30, em uma rede social o resultado de pesquisa do Ibope que aponta que 44% dos entrevistados responderam ser contr\u00e1rios \u00e0 reforma da Previd\u00eancia. Segundo o ministro, pela primeira vez, menos da metade dos entrevistados se posicionou contra as mudan\u00e7as nas regras da aposentadoria. A pedido da Presid\u00eancia da Rep\u00fablica, a pesquisa foi realizada entre os dias 25 e 29 de janeiro em \u00e2mbito nacional.<\/p>\n<p>\u201cAs pessoas est\u00e3o se convencendo, cada vez mais, de que a reforma acabar\u00e1 com os privil\u00e9gios de quem ganha muito e trabalha pouco, al\u00e9m de garantir investimentos em sa\u00fade e educa\u00e7\u00e3o\u201d, disse Moreira Franco em sua p\u00e1gina no Twitter.<\/p>\n<p>De acordo com o ministro, 63% dos entrevistados concordam que as regras previdenci\u00e1rias devem ser as mesmas para servidores p\u00fablicos e funcion\u00e1rios privados. &#8220;Ou seja: igualdade de direitos para todos. Seguimos em frente na luta contra privil\u00e9gios, pelo bem do Brasil e dos brasileiros&#8221;.<\/p>\n<p>A avalia\u00e7\u00e3o do ministro sobre a melhora da percep\u00e7\u00e3o da sociedade \u00e9 compartilhada por outros integrantes da base governista e da equipe da Presid\u00eancia. Nos \u00faltimos dias, o Pal\u00e1cio do Planalto tem intensificado a comunica\u00e7\u00e3o sobre a proposta de mudan\u00e7a na legisla\u00e7\u00e3o da Previd\u00eancia. Entre as estrat\u00e9gias, est\u00e1 a participa\u00e7\u00e3o do presidente Michel Temer em programas populares de televis\u00e3o e r\u00e1dio. O objetivo \u00e9 tirar d\u00favidas sobre a nova vers\u00e3o da proposta, diminuir as cr\u00edticas e atrair mais apoio dos parlamentares em torno da reforma, que pode ser votada ainda no m\u00eas de fevereiro no plen\u00e1rio da C\u00e2mara dos Deputados.<\/p>\n<p>A campanha deve ser refor\u00e7ada a partir da pr\u00f3xima semana, quando os parlamentares voltam a Bras\u00edlia para o in\u00edcio do ano legislativo do Congresso Nacional. A expectativa \u00e9 que o relat\u00f3rio da emenda constitucional que trata da reforma comece a ser discutido no plen\u00e1rio da C\u00e2mara a partir do dia 5 de fevereiro.<\/p>\n<p>Ainda nesta ter\u00e7a, o ministro da Secretaria de Governo, Carlos Marun, se reunir\u00e1 com lideran\u00e7as partid\u00e1rias na resid\u00eancia oficial do presidente da C\u00e2mara, Rodrigo Maia (DEM-RJ), para refor\u00e7ar as articula\u00e7\u00f5es pol\u00edticas com os deputados.<\/p>\n<p>Fonte: Ag\u00eancia Brasil<\/p>\n","protected":false},"excerpt":{"rendered":"<p>O ministro da Secretaria-Geral da Presid\u00eancia, Moreira Franco, antecipou nessa ter\u00e7a-feira, 30, em uma rede social o resultado de pesquisa do Ibope que aponta que 44% dos entrevistados responderam ser contr\u00e1rios \u00e0 reforma da Previd\u00eancia. Segundo o ministro, pela primeira vez, menos da metade dos entrevistados se posicionou contra as mudan\u00e7as nas regras da aposentadoria. [&hellip;]<\/p>\n","protected":false},"author":96,"featured_media":90764,"comment_status":"closed","ping_status":"closed","sticky":false,"template":"","format":"standard","meta":{"footnotes":""},"categories":[254],"tags":[],"class_list":["post-90765","post","type-post","status-publish","format-standard","has-post-thumbnail","hentry","category-politica"],"_links":{"self":[{"href":"https:\/\/diarioregionaldigital.com.br\/index.php?rest_route=\/wp\/v2\/posts\/90765","targetHints":{"allow":["GET"]}}],"collection":[{"href":"https:\/\/diarioregionaldigital.com.br\/index.php?rest_route=\/wp\/v2\/posts"}],"about":[{"href":"https:\/\/diarioregionaldigital.com.br\/index.php?rest_route=\/wp\/v2\/types\/post"}],"author":[{"embeddable":true,"href":"https:\/\/diarioregionaldigital.com.br\/index.php?rest_route=\/wp\/v2\/users\/96"}],"replies":[{"embeddable":true,"href":"https:\/\/diarioregionaldigital.com.br\/index.php?rest_route=%2Fwp%2Fv2%2Fcomments&post=90765"}],"version-history":[{"count":0,"href":"https:\/\/diarioregionaldigital.com.br\/index.php?rest_route=\/wp\/v2\/posts\/90765\/revisions"}],"wp:featuredmedia":[{"embeddable":true,"href":"https:\/\/diarioregionaldigital.com.br\/index.php?rest_route=\/wp\/v2\/media\/90764"}],"wp:attachment":[{"href":"https:\/\/diarioregionaldigital.com.br\/index.php?rest_route=%2Fwp%2Fv2%2Fmedia&parent=90765"}],"wp:term":[{"taxonomy":"category","embeddable":true,"href":"https:\/\/diarioregionaldigital.com.br\/index.php?rest_route=%2Fwp%2Fv2%2Fcategories&post=90765"},{"taxonomy":"post_tag","embeddable":true,"href":"https:\/\/diarioregionaldigital.com.br\/index.php?rest_route=%2Fwp%2Fv2%2Ftags&post=90765"}],"curies":[{"name":"wp","href":"https:\/\/api.w.org\/{rel}","templated":true}]}}