{"id":90762,"date":"2018-01-30T20:03:17","date_gmt":"2018-01-30T22:03:17","guid":{"rendered":"http:\/\/diarioregionaljf.com.br\/2018\/01\/30\/tabuleiro-30-01-18\/"},"modified":"2018-08-13T20:34:57","modified_gmt":"2018-08-13T23:34:57","slug":"tabuleiro-30-01-18","status":"publish","type":"post","link":"https:\/\/diarioregionaldigital.com.br\/?p=90762","title":{"rendered":"Tabuleiro 30\/01\/18"},"content":{"rendered":"<p class=\"h4\" style=\"text-align: center;\">MUNIC\u00cdPIO DE TABULEIRO&nbsp;ESTADO DE MINAS GERAIS<br \/>AVISO<br \/>LICITA\u00c7\u00c3O N\u00ba 006\/2018<\/p>\n<p class=\"h4\" style=\"text-align: center;\">PREG\u00c3O PRESENCIAL<\/p>\n<p style=\"text-align: center;\">O MUNIC\u00cdPIO DE TABULEIRO-MG torna p\u00fablico que far\u00e1 realizar a Licita\u00e7\u00e3o n\u00ba 006\/2018 na Modalidade \u201cPreg\u00e3o\u201d com procedimento \u201cPresencial\u201d e julgamento \u201cTipo Menor Pre\u00e7o\u201d, para Aquisi\u00e7\u00e3o de livros did\u00e1ticos de Cole\u00e7\u00e3o Pedag\u00f3gica para atender aos alunos do Maternal ao 2\u00ba per\u00edodo da Rede Municipal de Ensino Infantil do Munic\u00edpio de Tabuleiro. A sess\u00e3o ter\u00e1 in\u00edcio \u00e0s 10h00min (dez) horas do dia 15 de Fevereiro de 2018, na Sala de Licita\u00e7\u00f5es, situada \u00e0 Pra\u00e7a Alzira Moraes Prata, n\u00ba 66, Centro, Tabuleiro\/MG. O edital de licita\u00e7\u00e3o contendo todas as informa\u00e7\u00f5es est\u00e1 \u00e0 disposi\u00e7\u00e3o dos interessados, nos dias \u00fateis, no local j\u00e1 mencionado, no hor\u00e1rio de 13h00min as 17h00min.<\/p>\n<p style=\"text-align: center;\">Tabuleiro, 29 de Janeiro de 2018<\/p>\n<p style=\"text-align: center;\">Glenda Silveira Corr\u00eaa -Pregoeira<\/p>\n","protected":false},"excerpt":{"rendered":"<p>MUNIC\u00cdPIO DE TABULEIRO&nbsp;ESTADO DE MINAS GERAISAVISOLICITA\u00c7\u00c3O N\u00ba 006\/2018 PREG\u00c3O PRESENCIAL O MUNIC\u00cdPIO DE TABULEIRO-MG torna p\u00fablico que far\u00e1 realizar a Licita\u00e7\u00e3o n\u00ba 006\/2018 na Modalidade \u201cPreg\u00e3o\u201d com procedimento \u201cPresencial\u201d e julgamento \u201cTipo Menor Pre\u00e7o\u201d, para Aquisi\u00e7\u00e3o de livros did\u00e1ticos de Cole\u00e7\u00e3o Pedag\u00f3gica para atender aos alunos do Maternal ao 2\u00ba per\u00edodo da Rede Municipal de [&hellip;]<\/p>\n","protected":false},"author":96,"featured_media":0,"comment_status":"closed","ping_status":"closed","sticky":false,"template":"","format":"standard","meta":{"footnotes":""},"categories":[307],"tags":[],"class_list":["post-90762","post","type-post","status-publish","format-standard","hentry","category-editais"],"_links":{"self":[{"href":"https:\/\/diarioregionaldigital.com.br\/index.php?rest_route=\/wp\/v2\/posts\/90762","targetHints":{"allow":["GET"]}}],"collection":[{"href":"https:\/\/diarioregionaldigital.com.br\/index.php?rest_route=\/wp\/v2\/posts"}],"about":[{"href":"https:\/\/diarioregionaldigital.com.br\/index.php?rest_route=\/wp\/v2\/types\/post"}],"author":[{"embeddable":true,"href":"https:\/\/diarioregionaldigital.com.br\/index.php?rest_route=\/wp\/v2\/users\/96"}],"replies":[{"embeddable":true,"href":"https:\/\/diarioregionaldigital.com.br\/index.php?rest_route=%2Fwp%2Fv2%2Fcomments&post=90762"}],"version-history":[{"count":0,"href":"https:\/\/diarioregionaldigital.com.br\/index.php?rest_route=\/wp\/v2\/posts\/90762\/revisions"}],"wp:attachment":[{"href":"https:\/\/diarioregionaldigital.com.br\/index.php?rest_route=%2Fwp%2Fv2%2Fmedia&parent=90762"}],"wp:term":[{"taxonomy":"category","embeddable":true,"href":"https:\/\/diarioregionaldigital.com.br\/index.php?rest_route=%2Fwp%2Fv2%2Fcategories&post=90762"},{"taxonomy":"post_tag","embeddable":true,"href":"https:\/\/diarioregionaldigital.com.br\/index.php?rest_route=%2Fwp%2Fv2%2Ftags&post=90762"}],"curies":[{"name":"wp","href":"https:\/\/api.w.org\/{rel}","templated":true}]}}