{"id":90761,"date":"2018-01-30T20:00:58","date_gmt":"2018-01-30T22:00:58","guid":{"rendered":"http:\/\/diarioregionaljf.com.br\/2018\/01\/30\/piau-30-01-18\/"},"modified":"2018-08-13T20:34:58","modified_gmt":"2018-08-13T23:34:58","slug":"piau-30-01-18","status":"publish","type":"post","link":"https:\/\/diarioregionaldigital.com.br\/?p=90761","title":{"rendered":"Piau 30\/01\/18"},"content":{"rendered":"<p class=\"h4\" style=\"text-align: center;\">AVISO DE LICITA\u00c7\u00c3O<br \/>PROCESSO LICITAT\u00d3RIO 0002\/2018<br \/>PREG\u00c3O PRESENCIAL N\u00ba 0001\/2018<\/p>\n<p style=\"text-align: center;\">O pregoeiro da Prefeitura Municipal de Piau\/MG, no uso de suas atribui\u00e7\u00f5es legais, torna p\u00fablico que far\u00e1 realizar a licita\u00e7\u00e3o a seguir caracterizada.<br \/>MODALIDADE: Preg\u00e3o Presencial n\u00ba 0001\/2018<br \/>OBJETO: O procedimento licitat\u00f3rio na modalidade preg\u00e3o presencial, tipo menor pre\u00e7o global, que tem por objeto a aquisi\u00e7\u00e3o de C\u00e2mara de Conserva\u00e7\u00e3o de vacinas e Medicamentos para o melhor atendimento da Unidade B\u00e1sica de Sa\u00fade Municipal de Piau.<br \/>DATA DA ABERTURA: Dia 15\/02\/2018 \u00e0s 13:00 horas.<br \/>O procedimento licitat\u00f3rio obedecer\u00e1 ao disposto na Lei Federal n\u00ba 10.520\/2002, Lei Federal n\u00ba 8.666\/1993 e suas altera\u00e7\u00f5es posteriores. O Edital completo se encontra \u00e0 disposi\u00e7\u00e3o dos interessados na sede da Prefeitura Municipal de Piau\/MG, localizada na Rua Silva Jardim, 67 \u2013 Centro \u2013 Piau\/MG, no hor\u00e1rio de expediente das 08:00hs \u00e0s 11:00hs e das. Maiores informa\u00e7\u00f5es poder\u00e3o ser obtidas pelos telefones 32-3254-1221.<\/p>\n<p style=\"text-align: center;\">Piau\/MG, 29 de janeiro de 2018.<\/p>\n<p style=\"text-align: center;\">Jonathan Alex Dornelas &#8211;&nbsp;PREGOEIRO<\/p>\n","protected":false},"excerpt":{"rendered":"<p>AVISO DE LICITA\u00c7\u00c3OPROCESSO LICITAT\u00d3RIO 0002\/2018PREG\u00c3O PRESENCIAL N\u00ba 0001\/2018 O pregoeiro da Prefeitura Municipal de Piau\/MG, no uso de suas atribui\u00e7\u00f5es legais, torna p\u00fablico que far\u00e1 realizar a licita\u00e7\u00e3o a seguir caracterizada.MODALIDADE: Preg\u00e3o Presencial n\u00ba 0001\/2018OBJETO: O procedimento licitat\u00f3rio na modalidade preg\u00e3o presencial, tipo menor pre\u00e7o global, que tem por objeto a aquisi\u00e7\u00e3o de C\u00e2mara de [&hellip;]<\/p>\n","protected":false},"author":96,"featured_media":0,"comment_status":"closed","ping_status":"closed","sticky":false,"template":"","format":"standard","meta":{"footnotes":""},"categories":[307],"tags":[],"class_list":["post-90761","post","type-post","status-publish","format-standard","hentry","category-editais"],"_links":{"self":[{"href":"https:\/\/diarioregionaldigital.com.br\/index.php?rest_route=\/wp\/v2\/posts\/90761","targetHints":{"allow":["GET"]}}],"collection":[{"href":"https:\/\/diarioregionaldigital.com.br\/index.php?rest_route=\/wp\/v2\/posts"}],"about":[{"href":"https:\/\/diarioregionaldigital.com.br\/index.php?rest_route=\/wp\/v2\/types\/post"}],"author":[{"embeddable":true,"href":"https:\/\/diarioregionaldigital.com.br\/index.php?rest_route=\/wp\/v2\/users\/96"}],"replies":[{"embeddable":true,"href":"https:\/\/diarioregionaldigital.com.br\/index.php?rest_route=%2Fwp%2Fv2%2Fcomments&post=90761"}],"version-history":[{"count":0,"href":"https:\/\/diarioregionaldigital.com.br\/index.php?rest_route=\/wp\/v2\/posts\/90761\/revisions"}],"wp:attachment":[{"href":"https:\/\/diarioregionaldigital.com.br\/index.php?rest_route=%2Fwp%2Fv2%2Fmedia&parent=90761"}],"wp:term":[{"taxonomy":"category","embeddable":true,"href":"https:\/\/diarioregionaldigital.com.br\/index.php?rest_route=%2Fwp%2Fv2%2Fcategories&post=90761"},{"taxonomy":"post_tag","embeddable":true,"href":"https:\/\/diarioregionaldigital.com.br\/index.php?rest_route=%2Fwp%2Fv2%2Ftags&post=90761"}],"curies":[{"name":"wp","href":"https:\/\/api.w.org\/{rel}","templated":true}]}}