{"id":90759,"date":"2018-01-30T19:57:17","date_gmt":"2018-01-30T21:57:17","guid":{"rendered":"http:\/\/diarioregionaljf.com.br\/2018\/01\/30\/licitacao-tocantins-30-01-18\/"},"modified":"2018-08-13T20:34:58","modified_gmt":"2018-08-13T23:34:58","slug":"licitacao-tocantins-30-01-18","status":"publish","type":"post","link":"https:\/\/diarioregionaldigital.com.br\/?p=90759","title":{"rendered":"Licita\u00e7\u00e3o Tocantins 30\/01\/18"},"content":{"rendered":"<p class=\"h4\" style=\"text-align: center;\">AVISO DE LICITA\u00c7\u00c3O<\/p>\n<p style=\"text-align: center;\"><span class=\"h4\">Licita\u00e7\u00e3o n\u00b0 017\/2017<\/span><br \/><span class=\"h4\">Modalidade de Preg\u00e3o Presencial n\u00b0 012\/2017<\/span><br \/>O Munic\u00edpio de TOCANTINS, na forma da lei, faz saber a todos os interessados que far\u00e1 licita\u00e7\u00e3o na modalidade de preg\u00e3o presencial para contrata\u00e7\u00e3o de empresa especializada para realiza\u00e7\u00e3o de Curso de capacita\u00e7\u00e3o para conselheiros municipais de assist\u00eancia social e trabalhadores do SUAS, conforme especifica\u00e7\u00f5es constantes no edital e seus anexos no dia 09\/02\/2018 as 13:00 horas na sala da comiss\u00e3o de licita\u00e7\u00e3o, localizada na Av. Padre Mac\u00e1rio, n\u00b0 129, bairro Centro, munic\u00edpio de TOCANTINS. O edital completo encontra-se a disposi\u00e7\u00e3o dos interessados no endere\u00e7o citado anteriormente, no hor\u00e1rio de expediente de 08:00 as 11:00 horas e de 13:00 as 16:00 horas.<br \/>TOCANTINS, 29 de janeiro de 2018.<br \/><span class=\"h5\">JANSEN PASCHOALINO ROCHA &#8211; PREGOEIRO<\/span><\/p>\n<p class=\"MsoNormal\" style=\"margin-bottom: 0.0001pt; text-align: center; line-height: normal; background-image: initial; background-position: initial; background-size: initial; background-repeat: initial; background-attachment: initial; background-origin: initial; background-clip: initial;\" align=\"center\"><b><span style=\"font-size: 12.0pt; font-family: 'Arial','sans-serif'; mso-fareast-font-family: 'Times New Roman'; color: #222222; mso-fareast-language: PT-BR;\">AVISO DE LICITA\u00c7\u00c3O<\/span><\/b><span style=\"font-size: 12.0pt; font-family: 'Times New Roman','serif'; mso-fareast-font-family: 'Times New Roman'; color: #222222; mso-fareast-language: PT-BR;\"><\/span><\/p>\n<p class=\"MsoNormal\" style=\"margin-bottom: 0.0001pt; text-align: center; line-height: normal; background-image: initial; background-position: initial; background-size: initial; background-repeat: initial; background-attachment: initial; background-origin: initial; background-clip: initial;\" align=\"center\"><b><span style=\"font-size: 12.0pt; font-family: 'Arial','sans-serif'; mso-fareast-font-family: 'Times New Roman'; color: #222222; mso-fareast-language: PT-BR;\"><\/span><\/b><span style=\"font-size: 12.0pt; font-family: 'Times New Roman','serif'; mso-fareast-font-family: 'Times New Roman'; color: #222222; mso-fareast-language: PT-BR;\"><\/span><\/p>\n<p class=\"MsoNormal\" style=\"margin-bottom: 0.0001pt; text-align: center; line-height: normal; background-image: initial; background-position: initial; background-size: initial; background-repeat: initial; background-attachment: initial; background-origin: initial; background-clip: initial;\" align=\"center\"><b><span style=\"font-size: 12.0pt; font-family: 'Arial','sans-serif'; mso-fareast-font-family: 'Times New Roman'; color: #222222; mso-fareast-language: PT-BR;\">Licita\u00e7\u00e3o n\u00b0 017\/2017<\/span><\/b><span style=\"font-size: 12.0pt; font-family: 'Times New Roman','serif'; mso-fareast-font-family: 'Times New Roman'; color: #222222; mso-fareast-language: PT-BR;\"><\/span><\/p>\n<p class=\"MsoNormal\" style=\"margin-bottom: 0.0001pt; text-align: center; line-height: normal; background-image: initial; background-position: initial; background-size: initial; background-repeat: initial; background-attachment: initial; background-origin: initial; background-clip: initial;\" align=\"center\"><b><span style=\"font-size: 12.0pt; font-family: 'Arial','sans-serif'; mso-fareast-font-family: 'Times New Roman'; color: #222222; mso-fareast-language: PT-BR;\">Modalidade de Preg\u00e3o Presencial n\u00b0 012\/2017<\/span><\/b><span style=\"font-size: 12.0pt; font-family: 'Times New Roman','serif'; mso-fareast-font-family: 'Times New Roman'; color: #222222; mso-fareast-language: PT-BR;\"><\/span><\/p>\n<p class=\"MsoNormal\" style=\"margin-bottom: 0.0001pt; text-align: justify; line-height: normal; background-image: initial; background-position: initial; background-size: initial; background-repeat: initial; background-attachment: initial; background-origin: initial; background-clip: initial;\"><span style=\"font-size: 12.0pt; font-family: 'Arial','sans-serif'; mso-fareast-font-family: 'Times New Roman'; color: #222222; mso-fareast-language: PT-BR;\">O Munic\u00edpio de TOCANTINS, na forma da lei, faz saber a todos os interessados que far\u00e1 licita\u00e7\u00e3o na modalidade de preg\u00e3o presencial para contrata\u00e7\u00e3o de empresa&nbsp;<\/span><span style=\"font-size: 12pt; font-family: 'Times New Roman', serif; letter-spacing: -0.05pt;\">e<\/span><span style=\"font-size: 12pt; font-family: 'Times New Roman', serif;\">s<span style=\"letter-spacing: .1pt;\">p<\/span><span style=\"letter-spacing: .05pt;\">e<\/span><span style=\"letter-spacing: -.05pt;\">c<\/span>i<span style=\"letter-spacing: -.05pt;\">a<\/span>li<span style=\"letter-spacing: .2pt;\">z<\/span><span style=\"letter-spacing: -.05pt;\">a<\/span>da<span style=\"letter-spacing: 2.95pt;\"><\/span>p<span style=\"letter-spacing: -.05pt;\">a<\/span>ra r<span style=\"letter-spacing: -.1pt;\">e<\/span>ali<span style=\"letter-spacing: .2pt;\">z<\/span><span style=\"letter-spacing: -.05pt;\">a<\/span><span style=\"letter-spacing: .05pt;\">\u00e7<\/span><span style=\"letter-spacing: -.05pt;\">\u00e3<\/span>o<span style=\"letter-spacing: 2.15pt;\"><\/span>de<span style=\"letter-spacing: 2.5pt;\"><\/span><\/span><span style=\"font-size: 12.0pt; font-family: 'Times New Roman','serif'; mso-fareast-font-family: 'Times New Roman'; color: #222222; mso-fareast-language: PT-BR;\">Curso de capacita\u00e7\u00e3o para conselheiros municipais de assist\u00eancia social e trabalhadores do SUAS, conforme especifica\u00e7\u00f5es constantes no edital e seus anexos<\/span><span style=\"font-size: 12pt; font-family: 'Times New Roman', serif; letter-spacing: -0.05pt;\"><\/span><span style=\"font-size: 12.0pt; font-family: 'Arial','sans-serif'; mso-fareast-font-family: 'Times New Roman'; color: #222222; mso-fareast-language: PT-BR;\">no dia 09\/02\/2018 as 13:00 horas na sala da comiss\u00e3o de licita\u00e7\u00e3o, localizada na&nbsp;<\/span><a href=\"https:\/\/maps.google.com\/?q=Av.+Padre+Mac%C3%A1rio,+n%C2%B0+129&amp;entry=gmail&amp;source=g\"><span style=\"font-size: 12.0pt; font-family: 'Arial','sans-serif'; mso-fareast-font-family: 'Times New Roman'; color: #1155cc; mso-fareast-language: PT-BR;\">Av. Padre Mac\u00e1rio, n\u00b0 129<\/span><\/a><span style=\"font-size: 12.0pt; font-family: 'Arial','sans-serif'; mso-fareast-font-family: 'Times New Roman'; color: #222222; mso-fareast-language: PT-BR;\">, bairro Centro, munic\u00edpio de TOCANTINS. O edital completo encontra-se a disposi\u00e7\u00e3o dos interessados no endere\u00e7o citado anteriormente, no hor\u00e1rio de expediente de 08:00 as 11:00 horas e de 13:00 as 16:00 horas.<\/span><span style=\"font-size: 12.0pt; font-family: 'Times New Roman','serif'; mso-fareast-font-family: 'Times New Roman'; color: #222222; mso-fareast-language: PT-BR;\"><\/span><\/p>\n<p class=\"MsoNormal\" style=\"margin-bottom: 0.0001pt; text-align: justify; line-height: normal; background-image: initial; background-position: initial; background-size: initial; background-repeat: initial; background-attachment: initial; background-origin: initial; background-clip: initial;\"><span style=\"font-size: 12.0pt; font-family: 'Arial','sans-serif'; mso-fareast-font-family: 'Times New Roman'; color: #222222; mso-fareast-language: PT-BR;\">TOCANTINS, 29 de janeiro de 2018.<\/span><span style=\"font-size: 12.0pt; font-family: 'Times New Roman','serif'; mso-fareast-font-family: 'Times New Roman'; color: #222222; mso-fareast-language: PT-BR;\"><\/span><\/p>\n<p class=\"MsoNormal\" style=\"margin-bottom: 0.0001pt; line-height: normal; background-image: initial; background-position: initial; background-size: initial; background-repeat: initial; background-attachment: initial; background-origin: initial; background-clip: initial;\"><span style=\"font-size: 12.0pt; font-family: 'Times New Roman','serif'; mso-fareast-font-family: 'Times New Roman'; color: #222222; mso-fareast-language: PT-BR;\">JANSEN PASCHOALINO ROCHA &#8211; PREGOEIRO<\/span><\/p>\n","protected":false},"excerpt":{"rendered":"<p>AVISO DE LICITA\u00c7\u00c3O Licita\u00e7\u00e3o n\u00b0 017\/2017Modalidade de Preg\u00e3o Presencial n\u00b0 012\/2017O Munic\u00edpio de TOCANTINS, na forma da lei, faz saber a todos os interessados que far\u00e1 licita\u00e7\u00e3o na modalidade de preg\u00e3o presencial para contrata\u00e7\u00e3o de empresa especializada para realiza\u00e7\u00e3o de Curso de capacita\u00e7\u00e3o para conselheiros municipais de assist\u00eancia social e trabalhadores do SUAS, conforme especifica\u00e7\u00f5es [&hellip;]<\/p>\n","protected":false},"author":96,"featured_media":0,"comment_status":"closed","ping_status":"closed","sticky":false,"template":"","format":"standard","meta":{"footnotes":""},"categories":[307],"tags":[],"class_list":["post-90759","post","type-post","status-publish","format-standard","hentry","category-editais"],"_links":{"self":[{"href":"https:\/\/diarioregionaldigital.com.br\/index.php?rest_route=\/wp\/v2\/posts\/90759","targetHints":{"allow":["GET"]}}],"collection":[{"href":"https:\/\/diarioregionaldigital.com.br\/index.php?rest_route=\/wp\/v2\/posts"}],"about":[{"href":"https:\/\/diarioregionaldigital.com.br\/index.php?rest_route=\/wp\/v2\/types\/post"}],"author":[{"embeddable":true,"href":"https:\/\/diarioregionaldigital.com.br\/index.php?rest_route=\/wp\/v2\/users\/96"}],"replies":[{"embeddable":true,"href":"https:\/\/diarioregionaldigital.com.br\/index.php?rest_route=%2Fwp%2Fv2%2Fcomments&post=90759"}],"version-history":[{"count":0,"href":"https:\/\/diarioregionaldigital.com.br\/index.php?rest_route=\/wp\/v2\/posts\/90759\/revisions"}],"wp:attachment":[{"href":"https:\/\/diarioregionaldigital.com.br\/index.php?rest_route=%2Fwp%2Fv2%2Fmedia&parent=90759"}],"wp:term":[{"taxonomy":"category","embeddable":true,"href":"https:\/\/diarioregionaldigital.com.br\/index.php?rest_route=%2Fwp%2Fv2%2Fcategories&post=90759"},{"taxonomy":"post_tag","embeddable":true,"href":"https:\/\/diarioregionaldigital.com.br\/index.php?rest_route=%2Fwp%2Fv2%2Ftags&post=90759"}],"curies":[{"name":"wp","href":"https:\/\/api.w.org\/{rel}","templated":true}]}}