{"id":90758,"date":"2018-01-30T19:54:57","date_gmt":"2018-01-30T21:54:57","guid":{"rendered":"http:\/\/diarioregionaljf.com.br\/2018\/01\/30\/moro-determina-leilao-publico-do-triplex-atribuido-a-ex-presidente\/"},"modified":"2018-01-30T19:54:57","modified_gmt":"2018-01-30T21:54:57","slug":"moro-determina-leilao-publico-do-triplex-atribuido-a-ex-presidente","status":"publish","type":"post","link":"https:\/\/diarioregionaldigital.com.br\/?p=90758","title":{"rendered":"Moro determina leil\u00e3o p\u00fablico do triplex atribu\u00eddo a ex-presidente"},"content":{"rendered":"<p>O juiz federal S\u00e9rgio Moro determinou a venda, em leil\u00e3o p\u00fablico, do triplex do Guaruj\u00e1, litoral paulista, que, segundo o Minist\u00e9rio P\u00fablico Federal (MPF) pertenceria ao ex-presidente Luiz In\u00e1cio Lula da Silva. A decis\u00e3o foi tomada ap\u00f3s o im\u00f3vel ter sido penhorado a pedido da 2\u00aa Vara de Execu\u00e7\u00e3o de T\u00edtulos Extrajudiciais da Justi\u00e7a Distrital de Bras\u00edlia, em processo da empresa Macife contra a OAS. Segundo a defesa de Lula, a decis\u00e3o dessa penhora, pela pr\u00f3pria Justi\u00e7a, comprovaria ser a OAS a verdadeira dona do triplex, e n\u00e3o o ex-presidente.<\/p>\n<p>Na decis\u00e3o anunciada por Moro na noite dessa segunda-feira, 29, o juiz argumenta que \u201co im\u00f3vel foi inadvertidamente penhorado, pois o que \u00e9 produto de crime est\u00e1 sujeito a sequestro e confisco e n\u00e3o \u00e0 penhora por credor c\u00edvel ou a concurso de credores\u201d. O juiz determina que os valores a serem obtidos com o leil\u00e3o do triplex sejam revertidos \u00e0 Petrobras.<\/p>\n<p>\u201cAtualmente [o triplex] n\u00e3o pertence \u00e0 OAS Empreendimentos nem ao ex-Presidente Luiz In\u00e1cio Lula da Silva. O im\u00f3vel est\u00e1 submetido \u00e0 constri\u00e7\u00e3o da Justi\u00e7a e ser\u00e1 alienado para que o produto reverta em benef\u00edcio da v\u00edtima, a Petrobr\u00e1s\u201d, disse o juiz.<\/p>\n<p>O im\u00f3vel ser\u00e1 vendido em leil\u00e3o p\u00fablico e o produto da venda ser\u00e1 depositado em conta judicial, com os valores sendo destinados, ap\u00f3s o tr\u00e2nsito em julgado, \u00e0 vitima no caso de confirma\u00e7\u00e3o do confisco ou devolvidos \u00e0 OAS Empreendimentos ou ao ex-presidente no caso de n\u00e3o ser confirmado o confisco.<\/p>\n<p>Segundo Moro, a omiss\u00e3o do recolhimento do IPTU pela \u201cpropriet\u00e1ria formal\u201d (OAS), ou pelo \u201cpropriet\u00e1rio de fato\u201d (Lula), colocaria em risco os direitos da estatal, uma vez que a impress\u00e3o de que o im\u00f3vel estaria abandonado poder\u00e1 resultar na sua desvaloriza\u00e7\u00e3o.<\/p>\n<p>Fonte: Ag\u00eancia Brasil<\/p>\n","protected":false},"excerpt":{"rendered":"<p>O juiz federal S\u00e9rgio Moro determinou a venda, em leil\u00e3o p\u00fablico, do triplex do Guaruj\u00e1, litoral paulista, que, segundo o Minist\u00e9rio P\u00fablico Federal (MPF) pertenceria ao ex-presidente Luiz In\u00e1cio Lula da Silva. A decis\u00e3o foi tomada ap\u00f3s o im\u00f3vel ter sido penhorado a pedido da 2\u00aa Vara de Execu\u00e7\u00e3o de T\u00edtulos Extrajudiciais da Justi\u00e7a Distrital [&hellip;]<\/p>\n","protected":false},"author":96,"featured_media":90757,"comment_status":"closed","ping_status":"closed","sticky":false,"template":"","format":"standard","meta":{"footnotes":""},"categories":[254],"tags":[],"class_list":["post-90758","post","type-post","status-publish","format-standard","has-post-thumbnail","hentry","category-politica"],"_links":{"self":[{"href":"https:\/\/diarioregionaldigital.com.br\/index.php?rest_route=\/wp\/v2\/posts\/90758","targetHints":{"allow":["GET"]}}],"collection":[{"href":"https:\/\/diarioregionaldigital.com.br\/index.php?rest_route=\/wp\/v2\/posts"}],"about":[{"href":"https:\/\/diarioregionaldigital.com.br\/index.php?rest_route=\/wp\/v2\/types\/post"}],"author":[{"embeddable":true,"href":"https:\/\/diarioregionaldigital.com.br\/index.php?rest_route=\/wp\/v2\/users\/96"}],"replies":[{"embeddable":true,"href":"https:\/\/diarioregionaldigital.com.br\/index.php?rest_route=%2Fwp%2Fv2%2Fcomments&post=90758"}],"version-history":[{"count":0,"href":"https:\/\/diarioregionaldigital.com.br\/index.php?rest_route=\/wp\/v2\/posts\/90758\/revisions"}],"wp:featuredmedia":[{"embeddable":true,"href":"https:\/\/diarioregionaldigital.com.br\/index.php?rest_route=\/wp\/v2\/media\/90757"}],"wp:attachment":[{"href":"https:\/\/diarioregionaldigital.com.br\/index.php?rest_route=%2Fwp%2Fv2%2Fmedia&parent=90758"}],"wp:term":[{"taxonomy":"category","embeddable":true,"href":"https:\/\/diarioregionaldigital.com.br\/index.php?rest_route=%2Fwp%2Fv2%2Fcategories&post=90758"},{"taxonomy":"post_tag","embeddable":true,"href":"https:\/\/diarioregionaldigital.com.br\/index.php?rest_route=%2Fwp%2Fv2%2Ftags&post=90758"}],"curies":[{"name":"wp","href":"https:\/\/api.w.org\/{rel}","templated":true}]}}