{"id":90755,"date":"2018-01-30T19:47:03","date_gmt":"2018-01-30T21:47:03","guid":{"rendered":"http:\/\/diarioregionaljf.com.br\/2018\/01\/30\/relator-defende-medidas-socioeducativas-mais-rigidas-como-alternativa-a-reducao-da-maioridade-penal\/"},"modified":"2018-01-30T19:47:03","modified_gmt":"2018-01-30T21:47:03","slug":"relator-defende-medidas-socioeducativas-mais-rigidas-como-alternativa-a-reducao-da-maioridade-penal","status":"publish","type":"post","link":"https:\/\/diarioregionaldigital.com.br\/?p=90755","title":{"rendered":"Relator defende medidas socioeducativas mais r\u00edgidas como alternativa \u00e0 redu\u00e7\u00e3o da maioridade penal"},"content":{"rendered":"<p>Comiss\u00e3o especial da C\u00e2mara dos Deputados poder\u00e1 votar em 2018 o aumento do tempo m\u00e1ximo de interna\u00e7\u00e3o de adolescentes infratores. Texto apresentado pelo relator do colegiado, deputado Aliel Machado (Rede-PR), re\u00fane sugest\u00f5es contidas em 52 projetos de lei (PL 7197\/02 e apensados) que tentam alterar o Estatuto da Crian\u00e7a e do Adolescente (ECA \u2013 Lei 8.069\/90).<\/p>\n<p>O parlamentar defende a aprova\u00e7\u00e3o do texto como alternativa a uma proposta de emenda \u00e0 Constitui\u00e7\u00e3o (PEC 171\/93), j\u00e1 aprovada pela C\u00e2mara e atualmente em an\u00e1lise no Senado, que reduz a maioridade penal de 18 para 16 anos nos casos de crimes graves. Machado preferiu, em seu relat\u00f3rio, tornar mais r\u00edgidas as medidas socioeducativas estabelecidas no ECA, que hoje preveem tempo m\u00e1ximo de interna\u00e7\u00e3o de tr\u00eas anos.<\/p>\n<p>O deputado explica que, conforme a proposta dele, se o ato infracional envolver morte, a interna\u00e7\u00e3o poder\u00e1 chegar a dez anos. \u201cHoje o estatuto tem um equ\u00edvoco: o adolescente que cometeu o ato infracional an\u00e1logo a furto pode ficar internado mais tempo do que aquele que causou a morte de algu\u00e9m\u201d, justificou.<\/p>\n<p>\u201cTamb\u00e9m trazemos outras prerrogativas, como o direito de o infrator ter um defensor p\u00fablico ou advogado desde as primeiras oitivas; e o escalonamento das medidas socioeducativas, levando em considera\u00e7\u00e3o a diferen\u00e7a da forma\u00e7\u00e3o ps\u00edquica de uma pessoa de 12 anos de idade e de outra de quase 18\u201d, acrescenta.<\/p>\n<p>O texto de Aliel Machado prev\u00ea ainda que, quando completar 18 anos de idade, o internado dever\u00e1 cumprir a medida socioeducativa em estabelecimento separado dos demais infratores.<\/p>\n<h4>FUNPEN<\/h4>\n<p>O relator tamb\u00e9m quer destinar 20% dos recursos do Fundo Penitenci\u00e1rio Nacional (Funpen) para o Sistema Nacional de Atendimento Socioeducativo. \u201cN\u00f3s colocamos o Estatuto da Crian\u00e7a e do Adolescente no s\u00e9culo 21, fazendo adequa\u00e7\u00f5es que mexem tanto nos direitos quanto nos deveres dos adolescentes\u201d, afirmou Machado.<\/p>\n<p>&nbsp;<\/p>\n<h4>EXPOSI\u00c7\u00d5ES<\/h4>\n<p>A mat\u00e9ria j\u00e1 est\u00e1 em fase de discuss\u00e3o e vota\u00e7\u00e3o na comiss\u00e3o especial que analisa as mudan\u00e7as no ECA. O texto deixou de ser votado, em 2017, devido a uma pol\u00eamica extra inclu\u00edda na proposta: a previs\u00e3o de que a Justi\u00e7a venha a disciplinar, por meio de portaria ou alvar\u00e1, a entrada e a perman\u00eancia de crian\u00e7a ou adolescente desacompanhado dos pais ou respons\u00e1vel em exposi\u00e7\u00f5es de artes visuais em museus. Desde ent\u00e3o, deputados contr\u00e1rios a essa medida v\u00eam obstruindo as reuni\u00f5es do colegiado.<\/p>\n<p>Fonte: Ag\u00eancia C\u00e2mara Not\u00edcias<\/p>\n","protected":false},"excerpt":{"rendered":"<p>Comiss\u00e3o especial da C\u00e2mara dos Deputados poder\u00e1 votar em 2018 o aumento do tempo m\u00e1ximo de interna\u00e7\u00e3o de adolescentes infratores. Texto apresentado pelo relator do colegiado, deputado Aliel Machado (Rede-PR), re\u00fane sugest\u00f5es contidas em 52 projetos de lei (PL 7197\/02 e apensados) que tentam alterar o Estatuto da Crian\u00e7a e do Adolescente (ECA \u2013 Lei [&hellip;]<\/p>\n","protected":false},"author":96,"featured_media":90754,"comment_status":"closed","ping_status":"closed","sticky":false,"template":"","format":"standard","meta":{"footnotes":""},"categories":[254],"tags":[],"class_list":["post-90755","post","type-post","status-publish","format-standard","has-post-thumbnail","hentry","category-politica"],"_links":{"self":[{"href":"https:\/\/diarioregionaldigital.com.br\/index.php?rest_route=\/wp\/v2\/posts\/90755","targetHints":{"allow":["GET"]}}],"collection":[{"href":"https:\/\/diarioregionaldigital.com.br\/index.php?rest_route=\/wp\/v2\/posts"}],"about":[{"href":"https:\/\/diarioregionaldigital.com.br\/index.php?rest_route=\/wp\/v2\/types\/post"}],"author":[{"embeddable":true,"href":"https:\/\/diarioregionaldigital.com.br\/index.php?rest_route=\/wp\/v2\/users\/96"}],"replies":[{"embeddable":true,"href":"https:\/\/diarioregionaldigital.com.br\/index.php?rest_route=%2Fwp%2Fv2%2Fcomments&post=90755"}],"version-history":[{"count":0,"href":"https:\/\/diarioregionaldigital.com.br\/index.php?rest_route=\/wp\/v2\/posts\/90755\/revisions"}],"wp:featuredmedia":[{"embeddable":true,"href":"https:\/\/diarioregionaldigital.com.br\/index.php?rest_route=\/wp\/v2\/media\/90754"}],"wp:attachment":[{"href":"https:\/\/diarioregionaldigital.com.br\/index.php?rest_route=%2Fwp%2Fv2%2Fmedia&parent=90755"}],"wp:term":[{"taxonomy":"category","embeddable":true,"href":"https:\/\/diarioregionaldigital.com.br\/index.php?rest_route=%2Fwp%2Fv2%2Fcategories&post=90755"},{"taxonomy":"post_tag","embeddable":true,"href":"https:\/\/diarioregionaldigital.com.br\/index.php?rest_route=%2Fwp%2Fv2%2Ftags&post=90755"}],"curies":[{"name":"wp","href":"https:\/\/api.w.org\/{rel}","templated":true}]}}