{"id":90753,"date":"2018-01-30T19:28:10","date_gmt":"2018-01-30T21:28:10","guid":{"rendered":"http:\/\/diarioregionaljf.com.br\/2018\/01\/30\/secretaria-estadual-de-saude-confirma-36-mortes-por-febre-amarela\/"},"modified":"2018-01-30T19:28:10","modified_gmt":"2018-01-30T21:28:10","slug":"secretaria-estadual-de-saude-confirma-36-mortes-por-febre-amarela","status":"publish","type":"post","link":"https:\/\/diarioregionaldigital.com.br\/?p=90753","title":{"rendered":"Secretaria estadual de sa\u00fade confirma 36 mortes por febre amarela"},"content":{"rendered":"<p>Dados divulgados no Boletim Epidemiol\u00f3gico da Secretaria de Estado de Sa\u00fade de Minas Gerais (SES\/MG) nesta ter\u00e7a-feira, 30, apontam que desde o in\u00edcio do 2\u00ba per\u00edodo de monitoramento da doen\u00e7a (julho\/2017 a junho\/2018), foram confirmados 81 casos em Minas Gerais, dos quais 36 evolu\u00edram para \u00f3bito. Outros 208 casos continuam em investiga\u00e7\u00e3o.<\/p>\n<p>Conforme o documento, do total de casos confirmados, 77 (95,1%) s\u00e3o em pacientes do sexo masculino e apenas quatro (4,9%) em mulheres. A mediana de idade dos casos confirmados \u00e9 de 47 anos (15 &#8211; 88 anos) e a letalidade por febre amarela no estado no per\u00edodo de 2017\/2018 \u00e9 de aproximadamente 44,4%.<\/p>\n<p>&nbsp;<\/p>\n<h4>COBERTURA VACINAL<\/h4>\n<p>Ainda segundo os n\u00fameros divulgados pela SES\/MG nesta ter\u00e7a-feira, a cobertura vacinal acumulada de febre amarela no estado est\u00e1 em torno de 83%. A estimativa \u00e9 de que 3.299.174 mineiros n\u00e3o se vacinaram, especialmente pessoas na faixa-et\u00e1ria de 15 a 59 anos, a mais acometida pela epidemia da doen\u00e7a ocorrida em 2017.<\/p>\n<p>Entre os 853 munic\u00edpios do estado, 36,22% (309) n\u00e3o alcan\u00e7aram 80% de cobertura vacinal; outros 34,11% (291) tem entre 80% e 94,9% de seus moradores vacinados; e, com mais de 95%, est\u00e3o 29,66% (253) das cidades mineiras com recomenda\u00e7\u00e3o de vacina.<\/p>\n","protected":false},"excerpt":{"rendered":"<p>Dados divulgados no Boletim Epidemiol\u00f3gico da Secretaria de Estado de Sa\u00fade de Minas Gerais (SES\/MG) nesta ter\u00e7a-feira, 30, apontam que desde o in\u00edcio do 2\u00ba per\u00edodo de monitoramento da doen\u00e7a (julho\/2017 a junho\/2018), foram confirmados 81 casos em Minas Gerais, dos quais 36 evolu\u00edram para \u00f3bito. Outros 208 casos continuam em investiga\u00e7\u00e3o. Conforme o documento, [&hellip;]<\/p>\n","protected":false},"author":96,"featured_media":90752,"comment_status":"closed","ping_status":"closed","sticky":false,"template":"","format":"standard","meta":{"footnotes":""},"categories":[252],"tags":[],"class_list":["post-90753","post","type-post","status-publish","format-standard","has-post-thumbnail","hentry","category-regiao"],"_links":{"self":[{"href":"https:\/\/diarioregionaldigital.com.br\/index.php?rest_route=\/wp\/v2\/posts\/90753","targetHints":{"allow":["GET"]}}],"collection":[{"href":"https:\/\/diarioregionaldigital.com.br\/index.php?rest_route=\/wp\/v2\/posts"}],"about":[{"href":"https:\/\/diarioregionaldigital.com.br\/index.php?rest_route=\/wp\/v2\/types\/post"}],"author":[{"embeddable":true,"href":"https:\/\/diarioregionaldigital.com.br\/index.php?rest_route=\/wp\/v2\/users\/96"}],"replies":[{"embeddable":true,"href":"https:\/\/diarioregionaldigital.com.br\/index.php?rest_route=%2Fwp%2Fv2%2Fcomments&post=90753"}],"version-history":[{"count":0,"href":"https:\/\/diarioregionaldigital.com.br\/index.php?rest_route=\/wp\/v2\/posts\/90753\/revisions"}],"wp:featuredmedia":[{"embeddable":true,"href":"https:\/\/diarioregionaldigital.com.br\/index.php?rest_route=\/wp\/v2\/media\/90752"}],"wp:attachment":[{"href":"https:\/\/diarioregionaldigital.com.br\/index.php?rest_route=%2Fwp%2Fv2%2Fmedia&parent=90753"}],"wp:term":[{"taxonomy":"category","embeddable":true,"href":"https:\/\/diarioregionaldigital.com.br\/index.php?rest_route=%2Fwp%2Fv2%2Fcategories&post=90753"},{"taxonomy":"post_tag","embeddable":true,"href":"https:\/\/diarioregionaldigital.com.br\/index.php?rest_route=%2Fwp%2Fv2%2Ftags&post=90753"}],"curies":[{"name":"wp","href":"https:\/\/api.w.org\/{rel}","templated":true}]}}