{"id":90751,"date":"2018-01-30T19:09:52","date_gmt":"2018-01-30T21:09:52","guid":{"rendered":"http:\/\/diarioregionaljf.com.br\/2018\/01\/30\/ima-alerta-produtores-para-que-regularizarem-sua-situacao-perante-o-orgao\/"},"modified":"2018-01-30T19:09:52","modified_gmt":"2018-01-30T21:09:52","slug":"ima-alerta-produtores-para-que-regularizarem-sua-situacao-perante-o-orgao","status":"publish","type":"post","link":"https:\/\/diarioregionaldigital.com.br\/?p=90751","title":{"rendered":"IMA alerta produtores para que regularizarem sua situa\u00e7\u00e3o perante o \u00f3rg\u00e3o"},"content":{"rendered":"<p>Produtores rurais que n\u00e3o se recadastraram junto ao Instituto Mineiro de Agropecu\u00e1ria (IMA) e que, por isso, est\u00e3o impedidos de transitar com seus animais dentro e fora do estado, ainda poder\u00e3o procurar o Instituto para regularizar a sua situa\u00e7\u00e3o.<\/p>\n<p>Quem n\u00e3o se recadastrou est\u00e1 impossibilitado de obter a Guia de Tr\u00e2nsito Animal (GTA), documento oficial emitido pelo IMA e que \u00e9 pr\u00e9-requisito para o transporte e venda de animais em todo o territ\u00f3rio mineiro.<\/p>\n<p>O IMA realizou uma campanha para o recadastramento, cujo prazo terminou em 29 de dezembro de 2017. Durante a campanha cerca de 173 mil produtores efetivaram o seu recadastramento, de um total de 340 mil em todo o estado, explica o assessor da diretoria T\u00e9cnica do IMA, Bruno Rocha de Melo.<\/p>\n<p>\u201cEstamos alertando aos produtores que ainda n\u00e3o o fizeram, para que procurem uma unidade do IMA e regularizem a sua situa\u00e7\u00e3o, de forma que possam continuar explorando a sua atividade pecu\u00e1ria normalmente\u201d pondera, ressaltando que \u201co recadastramento \u00e9 r\u00e1pido pois todo o processo \u00e9 informatizado\u201d, afirma Rocha de Melo.<\/p>\n<p>&nbsp;<\/p>\n<h4>ECONOMIA COM O DINHEIRO P\u00daBLICO<\/h4>\n<p>O diretor-geral do IMA Marc\u00edlio de Sousa Magalh\u00e3es explica que o recadastramento destina-se aos criadores de bovinos, bubalinos, caprinos, ovinos e equ\u00eddeos e que para efetiv\u00e1-lo os produtores dever\u00e3o comparecer a uma unidade do Instituto apresentando original e c\u00f3pia dos documentos pessoais e de comprovante de endere\u00e7o.<\/p>\n<p>O dirigente argumenta que a regulariza\u00e7\u00e3o da base de dados do IMA possibilita maior assertividade nas decis\u00f5es e na ado\u00e7\u00e3o de programas governamentais de investimentos em melhorias na presta\u00e7\u00e3o dos servi\u00e7os de defesa sanit\u00e1ria e inspe\u00e7\u00e3o de produtos.<\/p>\n<p>\u201c\u00c9 um importante instrumento tamb\u00e9m para evitar fraudes envolvendo o rebanho mineiro, uma vez que pessoas inid\u00f4neas, de posse de dados de produtores, podem utiliz\u00e1-los para transa\u00e7\u00f5es fraudulentas\u201d, diz.<\/p>\n<p>Marc\u00edlio Magalh\u00e3es cita tamb\u00e9m entre os benef\u00edcios advindos do recadastramento a supress\u00e3o de custos com deslocamentos de servidores do \u00f3rg\u00e3o a propriedades onde os produtores n\u00e3o exercem mais a atividade pecu\u00e1ria ou onde o titular j\u00e1 faleceu e os familiares n\u00e3o comunicaram ao IMA. \u201cEssa \u00e9 uma a\u00e7\u00e3o que onera financeiramente os cofres p\u00fablicos e \u00e9 com isso que queremos acabar\u201d, diz.<\/p>\n<p>O recadastramento \u00e9 importante tamb\u00e9m para que o IMA possa se comunicar de forma r\u00e1pida e clara com os produtores, especialmente quando j\u00e1 se planeja a retirada da vacina\u00e7\u00e3o do rebanho bovino contra a febre aftosa, a partir de 2021, no caso de ocorr\u00eancias negativas.<\/p>\n<p>&nbsp;<\/p>\n<h4>PORTAL DO PRODUTOR<\/h4>\n<p>Um benef\u00edcio adicional \u00e9 o fornecimento ao criador, no ato do recadastramento, de uma senha para acesso gratuito ao Portal de Servi\u00e7os do Produtor Rural, dispon\u00edvel no <a href=\"http:\/\/www.ima.mg.gov.br\" target=\"_blank\" rel=\"noopener noreferrer\">site do IMA<\/a>.<\/p>\n<p>Nesse portal via internet, o produtor tem acesso a v\u00e1rios servi\u00e7os do Instituto como a emiss\u00e3o de guias e documentos oficiais, sem precisar ir pessoalmente a uma unidade do IMA.<\/p>\n<p>&nbsp;<\/p>\n<p>Fonte: Ag\u00eancia Minas<\/p>\n","protected":false},"excerpt":{"rendered":"<p>Produtores rurais que n\u00e3o se recadastraram junto ao Instituto Mineiro de Agropecu\u00e1ria (IMA) e que, por isso, est\u00e3o impedidos de transitar com seus animais dentro e fora do estado, ainda poder\u00e3o procurar o Instituto para regularizar a sua situa\u00e7\u00e3o. Quem n\u00e3o se recadastrou est\u00e1 impossibilitado de obter a Guia de Tr\u00e2nsito Animal (GTA), documento oficial [&hellip;]<\/p>\n","protected":false},"author":96,"featured_media":90750,"comment_status":"closed","ping_status":"closed","sticky":false,"template":"","format":"standard","meta":{"footnotes":""},"categories":[252],"tags":[],"class_list":["post-90751","post","type-post","status-publish","format-standard","has-post-thumbnail","hentry","category-regiao"],"_links":{"self":[{"href":"https:\/\/diarioregionaldigital.com.br\/index.php?rest_route=\/wp\/v2\/posts\/90751","targetHints":{"allow":["GET"]}}],"collection":[{"href":"https:\/\/diarioregionaldigital.com.br\/index.php?rest_route=\/wp\/v2\/posts"}],"about":[{"href":"https:\/\/diarioregionaldigital.com.br\/index.php?rest_route=\/wp\/v2\/types\/post"}],"author":[{"embeddable":true,"href":"https:\/\/diarioregionaldigital.com.br\/index.php?rest_route=\/wp\/v2\/users\/96"}],"replies":[{"embeddable":true,"href":"https:\/\/diarioregionaldigital.com.br\/index.php?rest_route=%2Fwp%2Fv2%2Fcomments&post=90751"}],"version-history":[{"count":0,"href":"https:\/\/diarioregionaldigital.com.br\/index.php?rest_route=\/wp\/v2\/posts\/90751\/revisions"}],"wp:featuredmedia":[{"embeddable":true,"href":"https:\/\/diarioregionaldigital.com.br\/index.php?rest_route=\/wp\/v2\/media\/90750"}],"wp:attachment":[{"href":"https:\/\/diarioregionaldigital.com.br\/index.php?rest_route=%2Fwp%2Fv2%2Fmedia&parent=90751"}],"wp:term":[{"taxonomy":"category","embeddable":true,"href":"https:\/\/diarioregionaldigital.com.br\/index.php?rest_route=%2Fwp%2Fv2%2Fcategories&post=90751"},{"taxonomy":"post_tag","embeddable":true,"href":"https:\/\/diarioregionaldigital.com.br\/index.php?rest_route=%2Fwp%2Fv2%2Ftags&post=90751"}],"curies":[{"name":"wp","href":"https:\/\/api.w.org\/{rel}","templated":true}]}}