{"id":90749,"date":"2018-01-30T18:58:43","date_gmt":"2018-01-30T20:58:43","guid":{"rendered":"http:\/\/diarioregionaljf.com.br\/2018\/01\/30\/prefeitura-de-muriae-seleciona-projetos-que-beneficiam-criancas-e-adolescentes\/"},"modified":"2018-01-30T18:58:43","modified_gmt":"2018-01-30T20:58:43","slug":"prefeitura-de-muriae-seleciona-projetos-que-beneficiam-criancas-e-adolescentes","status":"publish","type":"post","link":"https:\/\/diarioregionaldigital.com.br\/?p=90749","title":{"rendered":"Prefeitura de Muria\u00e9 seleciona projetos que beneficiam crian\u00e7as e adolescentes"},"content":{"rendered":"<p>A Prefeitura de Muria\u00e9 (a cerca de 158 Km de Juiz de Fora) publicou, na segunda-feira, 29, edital para selecionar organiza\u00e7\u00f5es da sociedade civil interessadas em parceria com o poder p\u00fablico municipal para projetos relativos \u00e0 promo\u00e7\u00e3o, prote\u00e7\u00e3o e defesa dos direitos da crian\u00e7a e do adolescente. O objetivo \u00e9 desenvolver a\u00e7\u00f5es que beneficiem este p\u00fablico na cidade.<\/p>\n<p>As entidades interessadas podem enviar propostas e documenta\u00e7\u00e3o at\u00e9 1\u00ba de mar\u00e7o para a Secretaria Municipal de Desenvolvimento Social. Aprovado durante reuni\u00e3o do Conselho Municipal da Crian\u00e7a e do Adolescente (CMDCA) no dia 25 deste m\u00eas, o edital est\u00e1 dispon\u00edvel para consulta no <a href=\"https:\/\/drive.google.com\/file\/d\/17Wht7klVg8k7ZoI4woIQNw6_dmUb6Npe\/view\" target=\"_blank\" rel=\"noopener noreferrer\">site da Prefeitura<\/a>. A inscri\u00e7\u00e3o \u00e9 gratuita.<\/p>\n<p>Este \u00e9 o primeiro edital em 2018 lan\u00e7ado pelo CMDCA com recursos do Fundo Nacional para a Crian\u00e7a e o Adolescente. Ser\u00e3o selecionados projetos nas \u00e1reas de Atendimento Socioeducativo ao Adolescente em Cumprimento de Medidas Socioeducativas; Sistema de Garantia dos Direitos da Crian\u00e7a e do Adolescente; Enfrentamento ao Trabalho Infantil no Munic\u00edpio de Muria\u00e9; Acolhimento Institucional de Crian\u00e7as e Adolescentes; Servi\u00e7o de Conviv\u00eancia e Fortalecimento de V\u00ednculos; Trabalho em Rede &#8211; Pol\u00edticas Transversais; Pr\u00e1ticas no \u00c2mbito Educacional e Esporte Cultura e Lazer.<\/p>\n<p>&nbsp;<\/p>\n<h4>PARCEIRA ENTRE PODER P\u00daBLICO E ENTIDADES<\/h4>\n<p>O prefeito Grego afirma que a parceria entre o poder p\u00fablico e organiza\u00e7\u00f5es da sociedade civil s\u00e3o importantes para a continuidade de a\u00e7\u00f5es e projetos realizados em benef\u00edcio dos muriaeenses. \u201cA coopera\u00e7\u00e3o entre a Prefeitura e entidades do terceiro setor, al\u00e9m de preservar o equil\u00edbrio fiscal, aprimora os servi\u00e7os oferecidos \u00e0 popula\u00e7\u00e3o\u201d, diz.<\/p>\n<p>&nbsp;<\/p>\n<p><strong>Edital de chamamento p\u00fablico<\/strong><br \/>*Prazo para envio das propostas e documentos: at\u00e9 1\u00ba de mar\u00e7o<br \/>*Local de entrega: Secretaria Municipal de Desenvolvimento Social (localizada no primeiro andar do Centro Administrativo)<br \/>*Dias e hor\u00e1rios de funcionamento: segunda a sexta-feira, de 7h30 \u00e0s 11h30 e de 13h \u00e0s 17h<br \/>*Telefone: 3696-3392<\/p>\n<p>&nbsp;<\/p>\n<p>Fonte: Assessoria<\/p>\n","protected":false},"excerpt":{"rendered":"<p>A Prefeitura de Muria\u00e9 (a cerca de 158 Km de Juiz de Fora) publicou, na segunda-feira, 29, edital para selecionar organiza\u00e7\u00f5es da sociedade civil interessadas em parceria com o poder p\u00fablico municipal para projetos relativos \u00e0 promo\u00e7\u00e3o, prote\u00e7\u00e3o e defesa dos direitos da crian\u00e7a e do adolescente. O objetivo \u00e9 desenvolver a\u00e7\u00f5es que beneficiem este [&hellip;]<\/p>\n","protected":false},"author":96,"featured_media":90748,"comment_status":"closed","ping_status":"closed","sticky":false,"template":"","format":"standard","meta":{"footnotes":""},"categories":[252],"tags":[],"class_list":["post-90749","post","type-post","status-publish","format-standard","has-post-thumbnail","hentry","category-regiao"],"_links":{"self":[{"href":"https:\/\/diarioregionaldigital.com.br\/index.php?rest_route=\/wp\/v2\/posts\/90749","targetHints":{"allow":["GET"]}}],"collection":[{"href":"https:\/\/diarioregionaldigital.com.br\/index.php?rest_route=\/wp\/v2\/posts"}],"about":[{"href":"https:\/\/diarioregionaldigital.com.br\/index.php?rest_route=\/wp\/v2\/types\/post"}],"author":[{"embeddable":true,"href":"https:\/\/diarioregionaldigital.com.br\/index.php?rest_route=\/wp\/v2\/users\/96"}],"replies":[{"embeddable":true,"href":"https:\/\/diarioregionaldigital.com.br\/index.php?rest_route=%2Fwp%2Fv2%2Fcomments&post=90749"}],"version-history":[{"count":0,"href":"https:\/\/diarioregionaldigital.com.br\/index.php?rest_route=\/wp\/v2\/posts\/90749\/revisions"}],"wp:featuredmedia":[{"embeddable":true,"href":"https:\/\/diarioregionaldigital.com.br\/index.php?rest_route=\/wp\/v2\/media\/90748"}],"wp:attachment":[{"href":"https:\/\/diarioregionaldigital.com.br\/index.php?rest_route=%2Fwp%2Fv2%2Fmedia&parent=90749"}],"wp:term":[{"taxonomy":"category","embeddable":true,"href":"https:\/\/diarioregionaldigital.com.br\/index.php?rest_route=%2Fwp%2Fv2%2Fcategories&post=90749"},{"taxonomy":"post_tag","embeddable":true,"href":"https:\/\/diarioregionaldigital.com.br\/index.php?rest_route=%2Fwp%2Fv2%2Ftags&post=90749"}],"curies":[{"name":"wp","href":"https:\/\/api.w.org\/{rel}","templated":true}]}}