{"id":90747,"date":"2018-01-30T18:46:18","date_gmt":"2018-01-30T20:46:18","guid":{"rendered":"http:\/\/diarioregionaljf.com.br\/2018\/01\/30\/pedestre-e-motociclista-ficam-feridos-apos-atropelamento-em-leopoldina\/"},"modified":"2018-01-30T18:46:18","modified_gmt":"2018-01-30T20:46:18","slug":"pedestre-e-motociclista-ficam-feridos-apos-atropelamento-em-leopoldina","status":"publish","type":"post","link":"https:\/\/diarioregionaldigital.com.br\/?p=90747","title":{"rendered":"Pedestre e motociclista ficam feridos ap\u00f3s atropelamento em Leopoldina"},"content":{"rendered":"<p>Um idoso de 64 anos foi atropelado por uma moto enquanto atravessava a faixa de pedestres na Avenida Ac\u00e1cio Serpa, pr\u00f3ximo ao Viaduto do Bela Vista, em Leopoldina (a aproximadamente 97 Km de JF). O atropelamento aconteceu na manh\u00e3 desta ter\u00e7a-feira, 30, e deixou condutor e pedestre feridos.<\/p>\n<p>O motociclista, de 21 anos, foi socorrido pelo Servi\u00e7o de Atendimento M\u00f3vel de Urg\u00eancia (SAMU) e levado para o Pronto-Socorro Municipal da Casa de Caridade Leopoldinense (CCL). O pedestre atropelado foi encaminhado \u00e0 CCL por populares.<\/p>\n<p>De acordo com a Pol\u00edcia Militar, que esteve no local e registrou a ocorr\u00eancia, o pedestre alegou que ao atravessar a faixa um autom\u00f3vel parou para que ele realizasse a travessia e logo em seguida foi atingido pela motocicleta, placa de Leopoldina. O condutor da moto relatou que realizava uma ultrapassagem de dois ve\u00edculos e n\u00e3o percebeu a v\u00edtima naquele local.<\/p>\n<p>Os dois foram atendidos na Casa de Caridade e est\u00e3o em observa\u00e7\u00e3o.<\/p>\n<p>&nbsp;<\/p>\n<p>Fonte: O Vigilante Online<\/p>\n","protected":false},"excerpt":{"rendered":"<p>Um idoso de 64 anos foi atropelado por uma moto enquanto atravessava a faixa de pedestres na Avenida Ac\u00e1cio Serpa, pr\u00f3ximo ao Viaduto do Bela Vista, em Leopoldina (a aproximadamente 97 Km de JF). O atropelamento aconteceu na manh\u00e3 desta ter\u00e7a-feira, 30, e deixou condutor e pedestre feridos. O motociclista, de 21 anos, foi socorrido [&hellip;]<\/p>\n","protected":false},"author":96,"featured_media":90746,"comment_status":"closed","ping_status":"closed","sticky":false,"template":"","format":"standard","meta":{"footnotes":""},"categories":[252],"tags":[],"class_list":["post-90747","post","type-post","status-publish","format-standard","has-post-thumbnail","hentry","category-regiao"],"_links":{"self":[{"href":"https:\/\/diarioregionaldigital.com.br\/index.php?rest_route=\/wp\/v2\/posts\/90747","targetHints":{"allow":["GET"]}}],"collection":[{"href":"https:\/\/diarioregionaldigital.com.br\/index.php?rest_route=\/wp\/v2\/posts"}],"about":[{"href":"https:\/\/diarioregionaldigital.com.br\/index.php?rest_route=\/wp\/v2\/types\/post"}],"author":[{"embeddable":true,"href":"https:\/\/diarioregionaldigital.com.br\/index.php?rest_route=\/wp\/v2\/users\/96"}],"replies":[{"embeddable":true,"href":"https:\/\/diarioregionaldigital.com.br\/index.php?rest_route=%2Fwp%2Fv2%2Fcomments&post=90747"}],"version-history":[{"count":0,"href":"https:\/\/diarioregionaldigital.com.br\/index.php?rest_route=\/wp\/v2\/posts\/90747\/revisions"}],"wp:featuredmedia":[{"embeddable":true,"href":"https:\/\/diarioregionaldigital.com.br\/index.php?rest_route=\/wp\/v2\/media\/90746"}],"wp:attachment":[{"href":"https:\/\/diarioregionaldigital.com.br\/index.php?rest_route=%2Fwp%2Fv2%2Fmedia&parent=90747"}],"wp:term":[{"taxonomy":"category","embeddable":true,"href":"https:\/\/diarioregionaldigital.com.br\/index.php?rest_route=%2Fwp%2Fv2%2Fcategories&post=90747"},{"taxonomy":"post_tag","embeddable":true,"href":"https:\/\/diarioregionaldigital.com.br\/index.php?rest_route=%2Fwp%2Fv2%2Ftags&post=90747"}],"curies":[{"name":"wp","href":"https:\/\/api.w.org\/{rel}","templated":true}]}}