{"id":90745,"date":"2018-01-30T18:33:52","date_gmt":"2018-01-30T20:33:52","guid":{"rendered":"http:\/\/diarioregionaljf.com.br\/2018\/01\/30\/prefeitura-de-barbacena-abre-processo-seletivo-para-contratacao-emergencial-de-profissionais-da-saude\/"},"modified":"2018-01-30T18:33:52","modified_gmt":"2018-01-30T20:33:52","slug":"prefeitura-de-barbacena-abre-processo-seletivo-para-contratacao-emergencial-de-profissionais-da-saude","status":"publish","type":"post","link":"https:\/\/diarioregionaldigital.com.br\/?p=90745","title":{"rendered":"Prefeitura de Barbacena abre processo seletivo para contrata\u00e7\u00e3o emergencial de profissionais da sa\u00fade"},"content":{"rendered":"<p>O Hospital Regional, em parceria com a Prefeitura de Barbacena (a cerca de 110 Km de Juiz de Fora), abre processo seletivo para contrata\u00e7\u00e3o emergencial de tr\u00eas enfermeiros e nove t\u00e9cnicos de enfermagem, com o objetivo de atender \u00e0 demanda de pacientes com quadro de suspeita de febre amarela, considerando que o local \u00e9 refer\u00eancia para casos mais graves na Macro Centro-Sul, que abrange 51 munic\u00edpios.<\/p>\n<p>Os interessados devem preencher e enviar o <a href=\"http:\/\/barbacena.mg.gov.br\/2\/noticias\/?id=6144\" target=\"_blank\" rel=\"noopener noreferrer\">modelo de curr\u00edculo<\/a> para o email contratoemergencial@gmail.com. Ser\u00e3o aceitos os curr\u00edculos enviados at\u00e9 12h do dia 31 de janeiro de 2018 (quarta-feira).<\/p>\n<p>&nbsp;<\/p>\n<p>Fonte: Assessoria<\/p>\n","protected":false},"excerpt":{"rendered":"<p>O Hospital Regional, em parceria com a Prefeitura de Barbacena (a cerca de 110 Km de Juiz de Fora), abre processo seletivo para contrata\u00e7\u00e3o emergencial de tr\u00eas enfermeiros e nove t\u00e9cnicos de enfermagem, com o objetivo de atender \u00e0 demanda de pacientes com quadro de suspeita de febre amarela, considerando que o local \u00e9 refer\u00eancia [&hellip;]<\/p>\n","protected":false},"author":96,"featured_media":90744,"comment_status":"closed","ping_status":"closed","sticky":false,"template":"","format":"standard","meta":{"footnotes":""},"categories":[252],"tags":[],"class_list":["post-90745","post","type-post","status-publish","format-standard","has-post-thumbnail","hentry","category-regiao"],"_links":{"self":[{"href":"https:\/\/diarioregionaldigital.com.br\/index.php?rest_route=\/wp\/v2\/posts\/90745","targetHints":{"allow":["GET"]}}],"collection":[{"href":"https:\/\/diarioregionaldigital.com.br\/index.php?rest_route=\/wp\/v2\/posts"}],"about":[{"href":"https:\/\/diarioregionaldigital.com.br\/index.php?rest_route=\/wp\/v2\/types\/post"}],"author":[{"embeddable":true,"href":"https:\/\/diarioregionaldigital.com.br\/index.php?rest_route=\/wp\/v2\/users\/96"}],"replies":[{"embeddable":true,"href":"https:\/\/diarioregionaldigital.com.br\/index.php?rest_route=%2Fwp%2Fv2%2Fcomments&post=90745"}],"version-history":[{"count":0,"href":"https:\/\/diarioregionaldigital.com.br\/index.php?rest_route=\/wp\/v2\/posts\/90745\/revisions"}],"wp:featuredmedia":[{"embeddable":true,"href":"https:\/\/diarioregionaldigital.com.br\/index.php?rest_route=\/wp\/v2\/media\/90744"}],"wp:attachment":[{"href":"https:\/\/diarioregionaldigital.com.br\/index.php?rest_route=%2Fwp%2Fv2%2Fmedia&parent=90745"}],"wp:term":[{"taxonomy":"category","embeddable":true,"href":"https:\/\/diarioregionaldigital.com.br\/index.php?rest_route=%2Fwp%2Fv2%2Fcategories&post=90745"},{"taxonomy":"post_tag","embeddable":true,"href":"https:\/\/diarioregionaldigital.com.br\/index.php?rest_route=%2Fwp%2Fv2%2Ftags&post=90745"}],"curies":[{"name":"wp","href":"https:\/\/api.w.org\/{rel}","templated":true}]}}