{"id":90743,"date":"2018-01-30T18:25:23","date_gmt":"2018-01-30T20:25:23","guid":{"rendered":"http:\/\/diarioregionaljf.com.br\/2018\/01\/30\/detran-mg-realiza-lancamento-da-cnh-digital-nesta-quarta-feira\/"},"modified":"2018-01-30T18:25:23","modified_gmt":"2018-01-30T20:25:23","slug":"detran-mg-realiza-lancamento-da-cnh-digital-nesta-quarta-feira","status":"publish","type":"post","link":"https:\/\/diarioregionaldigital.com.br\/?p=90743","title":{"rendered":"Detran-MG realiza lan\u00e7amento da CNH Digital nesta quarta-feira"},"content":{"rendered":"<p>A Pol\u00edcia Civil de Minas Gerais (PCMG), por meio do Departamento de Tr\u00e2nsito de Minas Gerais (Detran-MG), realiza, nesta quarta-feira, 31, o lan\u00e7amento da Carteira Nacional de Habilita\u00e7\u00e3o Digital (CNH-e).<\/p>\n<p>A CNH Digital ser\u00e1 acessada por meio de aplicativo instalado no smartphone e possui o mesmo valor jur\u00eddico da CNH impressa e \u00e9 v\u00e1lida em todo territ\u00f3rio nacional.<\/p>\n<p>O aplicativo CNH Digital est\u00e1 dispon\u00edvel para download na Google Play e App Store. A CNH-e poder\u00e1 ser solicitada apenas por motoristas que j\u00e1 possuem a CNH impressa com C\u00f3digo de barras bidimensional QR Code (Quick Response Code), item de seguran\u00e7a implantado nas CNHs de papel desde maio de 2017.<\/p>\n<p>A emiss\u00e3o obrigat\u00f3ria da CNH Digital em todo o Brasil foi adiada para 1\u00ba de julho, conforme anunciou o Departamento Nacional de Tr\u00e2nsito (Denatran), nesta ter\u00e7a-feira, 30. No entanto, O Detran-MG j\u00e1 est\u00e1 apto para operar o sistema e emitir a CNH-e para os cidad\u00e3os que desejarem obter o documento.<\/p>\n<p><strong>Servi\u00e7o<\/strong><br \/>Lan\u00e7amento da CNH Digital<br \/>Data: 31 de janeiro de 2018 (quarta-feira)<br \/>Hor\u00e1rio: 10h<br \/>Local: Departamento de Tr\u00e2nsito de Minas Gerais (Detran-MG)<br \/>(Avenida Jo\u00e3o Pinheiro, n\u00ba 417- 2\u00ba andar \u2013 Boa Viagem &#8211; Belo Horizonte\/MG)<\/p>\n<p>Fonte: Ag\u00eancia Minas<\/p>\n","protected":false},"excerpt":{"rendered":"<p>A Pol\u00edcia Civil de Minas Gerais (PCMG), por meio do Departamento de Tr\u00e2nsito de Minas Gerais (Detran-MG), realiza, nesta quarta-feira, 31, o lan\u00e7amento da Carteira Nacional de Habilita\u00e7\u00e3o Digital (CNH-e). A CNH Digital ser\u00e1 acessada por meio de aplicativo instalado no smartphone e possui o mesmo valor jur\u00eddico da CNH impressa e \u00e9 v\u00e1lida em [&hellip;]<\/p>\n","protected":false},"author":96,"featured_media":90742,"comment_status":"closed","ping_status":"closed","sticky":false,"template":"","format":"standard","meta":{"footnotes":""},"categories":[252],"tags":[],"class_list":["post-90743","post","type-post","status-publish","format-standard","has-post-thumbnail","hentry","category-regiao"],"_links":{"self":[{"href":"https:\/\/diarioregionaldigital.com.br\/index.php?rest_route=\/wp\/v2\/posts\/90743","targetHints":{"allow":["GET"]}}],"collection":[{"href":"https:\/\/diarioregionaldigital.com.br\/index.php?rest_route=\/wp\/v2\/posts"}],"about":[{"href":"https:\/\/diarioregionaldigital.com.br\/index.php?rest_route=\/wp\/v2\/types\/post"}],"author":[{"embeddable":true,"href":"https:\/\/diarioregionaldigital.com.br\/index.php?rest_route=\/wp\/v2\/users\/96"}],"replies":[{"embeddable":true,"href":"https:\/\/diarioregionaldigital.com.br\/index.php?rest_route=%2Fwp%2Fv2%2Fcomments&post=90743"}],"version-history":[{"count":0,"href":"https:\/\/diarioregionaldigital.com.br\/index.php?rest_route=\/wp\/v2\/posts\/90743\/revisions"}],"wp:featuredmedia":[{"embeddable":true,"href":"https:\/\/diarioregionaldigital.com.br\/index.php?rest_route=\/wp\/v2\/media\/90742"}],"wp:attachment":[{"href":"https:\/\/diarioregionaldigital.com.br\/index.php?rest_route=%2Fwp%2Fv2%2Fmedia&parent=90743"}],"wp:term":[{"taxonomy":"category","embeddable":true,"href":"https:\/\/diarioregionaldigital.com.br\/index.php?rest_route=%2Fwp%2Fv2%2Fcategories&post=90743"},{"taxonomy":"post_tag","embeddable":true,"href":"https:\/\/diarioregionaldigital.com.br\/index.php?rest_route=%2Fwp%2Fv2%2Ftags&post=90743"}],"curies":[{"name":"wp","href":"https:\/\/api.w.org\/{rel}","templated":true}]}}