{"id":90741,"date":"2018-01-30T18:14:16","date_gmt":"2018-01-30T20:14:16","guid":{"rendered":"http:\/\/diarioregionaljf.com.br\/2018\/01\/30\/ministro-admite-alteracao-na-reforma-da-previdencia-mas-sem-perder-principios\/"},"modified":"2018-01-30T18:14:16","modified_gmt":"2018-01-30T20:14:16","slug":"ministro-admite-alteracao-na-reforma-da-previdencia-mas-sem-perder-principios","status":"publish","type":"post","link":"https:\/\/diarioregionaldigital.com.br\/?p=90741","title":{"rendered":"Ministro admite altera\u00e7\u00e3o na reforma da Previd\u00eancia, mas sem perder princ\u00edpios"},"content":{"rendered":"<p>O ministro do Planejamento, Desenvolvimento e Gest\u00e3o, Dyogo Oliveira, admitiu nesta ter\u00e7a-feira, 30, a possibilidade de novas altera\u00e7\u00f5es na proposta da reforma da Previd\u00eancia defendida pelo governo, desde que essas mudan\u00e7as n\u00e3o modifiquem os pontos principais do projeto. O ministro disse que essas novas mudan\u00e7as teriam car\u00e1ter pragm\u00e1tico, para possibilitar a aprova\u00e7\u00e3o no Congresso.<\/p>\n<p>&#8220;O processo, daqui para frente, \u00e9 muito pragm\u00e1tico, de conseguir votos. Pode haver altera\u00e7\u00f5es adicionais que viabilizem os votos&#8221;, disse, acrescentando que &#8220;o princ\u00edpio da reforma em si tem que ser preservado&#8221;.<\/p>\n<p>Dyogo Oliveira defendeu a vota\u00e7\u00e3o da proposta em fevereiro, conforme j\u00e1 acertado com o presidente da C\u00e2mara dos Deputados, Rodrigo Maia. &#8220;Acho que retardar a discuss\u00e3o dificulta ainda mais. Depois da elei\u00e7\u00e3o j\u00e1 se tem um governo novo eleito, transi\u00e7\u00e3o. Acho que o momento \u00e9 agora&#8221;.<\/p>\n<p>Para o ministro, ap\u00f3s as mudan\u00e7as feitas na primeira proposta da reforma, a press\u00e3o contra a aprova\u00e7\u00e3o est\u00e1 focada em grupos que n\u00e3o querem ter suas regras equiparadas \u00e0 do trabalhador do setor privado.<\/p>\n<p>&#8220;A grande resist\u00eancia que existe sobre a reforma \u00e9 por enfrentar esses problemas [de desigualdade]. Muitos parlamentares s\u00e3o ligados a essas categorias que t\u00eam tratamento mais diferenciado. E \u00e9 isso que a gente est\u00e1 enfrentando&#8221;.<\/p>\n<p>O ministro disse que o governo tinha chegado \u00e0 estimativa de 270 votos favor\u00e1veis \u00e0 reforma na semana passada, e precisa de mais 50 para ter seguran\u00e7a na vota\u00e7\u00e3o. Sobre a possibilidade de a proposta n\u00e3o ser aprovada, ele disse que um plano B s\u00f3 ser\u00e1 discutido depois de uma poss\u00edvel derrota da proposta no Congresso.<\/p>\n<p>As declara\u00e7\u00f5es do ministro foram dadas no debate &#8220;E agora, Brasil?&#8221;, organizado pelo jornal O Globo.<\/p>\n<p>&nbsp;<\/p>\n<p>Fonte: Ag\u00eancia Brasil<\/p>\n","protected":false},"excerpt":{"rendered":"<p>O ministro do Planejamento, Desenvolvimento e Gest\u00e3o, Dyogo Oliveira, admitiu nesta ter\u00e7a-feira, 30, a possibilidade de novas altera\u00e7\u00f5es na proposta da reforma da Previd\u00eancia defendida pelo governo, desde que essas mudan\u00e7as n\u00e3o modifiquem os pontos principais do projeto. O ministro disse que essas novas mudan\u00e7as teriam car\u00e1ter pragm\u00e1tico, para possibilitar a aprova\u00e7\u00e3o no Congresso. &#8220;O [&hellip;]<\/p>\n","protected":false},"author":96,"featured_media":90740,"comment_status":"closed","ping_status":"closed","sticky":false,"template":"","format":"standard","meta":{"footnotes":""},"categories":[254],"tags":[],"class_list":["post-90741","post","type-post","status-publish","format-standard","has-post-thumbnail","hentry","category-politica"],"_links":{"self":[{"href":"https:\/\/diarioregionaldigital.com.br\/index.php?rest_route=\/wp\/v2\/posts\/90741","targetHints":{"allow":["GET"]}}],"collection":[{"href":"https:\/\/diarioregionaldigital.com.br\/index.php?rest_route=\/wp\/v2\/posts"}],"about":[{"href":"https:\/\/diarioregionaldigital.com.br\/index.php?rest_route=\/wp\/v2\/types\/post"}],"author":[{"embeddable":true,"href":"https:\/\/diarioregionaldigital.com.br\/index.php?rest_route=\/wp\/v2\/users\/96"}],"replies":[{"embeddable":true,"href":"https:\/\/diarioregionaldigital.com.br\/index.php?rest_route=%2Fwp%2Fv2%2Fcomments&post=90741"}],"version-history":[{"count":0,"href":"https:\/\/diarioregionaldigital.com.br\/index.php?rest_route=\/wp\/v2\/posts\/90741\/revisions"}],"wp:featuredmedia":[{"embeddable":true,"href":"https:\/\/diarioregionaldigital.com.br\/index.php?rest_route=\/wp\/v2\/media\/90740"}],"wp:attachment":[{"href":"https:\/\/diarioregionaldigital.com.br\/index.php?rest_route=%2Fwp%2Fv2%2Fmedia&parent=90741"}],"wp:term":[{"taxonomy":"category","embeddable":true,"href":"https:\/\/diarioregionaldigital.com.br\/index.php?rest_route=%2Fwp%2Fv2%2Fcategories&post=90741"},{"taxonomy":"post_tag","embeddable":true,"href":"https:\/\/diarioregionaldigital.com.br\/index.php?rest_route=%2Fwp%2Fv2%2Ftags&post=90741"}],"curies":[{"name":"wp","href":"https:\/\/api.w.org\/{rel}","templated":true}]}}