{"id":90739,"date":"2018-01-30T18:06:01","date_gmt":"2018-01-30T20:06:01","guid":{"rendered":"http:\/\/diarioregionaljf.com.br\/2018\/01\/30\/defesa-de-lula-recorre-ao-stj-para-evitar-prisao-apos-segunda-instancia\/"},"modified":"2018-01-30T18:06:01","modified_gmt":"2018-01-30T20:06:01","slug":"defesa-de-lula-recorre-ao-stj-para-evitar-prisao-apos-segunda-instancia","status":"publish","type":"post","link":"https:\/\/diarioregionaldigital.com.br\/?p=90739","title":{"rendered":"Defesa de Lula recorre ao STJ para evitar pris\u00e3o ap\u00f3s segunda inst\u00e2ncia"},"content":{"rendered":"<p>A defesa do ex-presidente Luiz In\u00e1cio Lula da Silva recorreu hoje, 30, ao Superior Tribunal de Justi\u00e7a (STJ) para evitar a eventual pris\u00e3o de Lula ap\u00f3s o \u00faltimo recurso que ser\u00e1 julgado pelo Tribunal Regional Federal da 4\u00aa Regi\u00e3o (TRF4), sediado em Porto Alegre.<\/p>\n<p>A possibilidade de pris\u00e3o para execu\u00e7\u00e3o provis\u00f3ria da condena\u00e7\u00e3o do ex-presidente ocorre em fun\u00e7\u00e3o do entendimento do Supremo Tribunal Federal (STF), que valida pris\u00e3o de condenados pela segunda inst\u00e2ncia da Justi\u00e7a, mesmo cabendo recurso aos tribunais superiores.<\/p>\n<p>Na semana passada, a <a href=\"politica\/23484-desembargadores-do-trf4-mantem-condenacao-de-lula-no-caso-triplex\" target=\"_blank\" rel=\"noopener noreferrer\">segunda inst\u00e2ncia da Justi\u00e7a Federal confirmou a condena\u00e7\u00e3o de Lula na a\u00e7\u00e3o penal envolvendo o tr\u00edplex no Guaruj\u00e1 (SP) <\/a>e aumentou a pena do ex-presidente para 12 anos e um m\u00eas de pris\u00e3o.<\/p>\n<p>Com a publica\u00e7\u00e3o do ac\u00f3rd\u00e3o do julgamento, que deve ocorrer nesta semana, a defesa de Lula ter\u00e1 dois dias, ap\u00f3s a publica\u00e7\u00e3o, para entrar com o \u00faltimo recurso na segunda inst\u00e2ncia, os chamados embargos de declara\u00e7\u00e3o.<\/p>\n<p>Caso o recurso seja rejeitado, a pena do ex-presidente ser\u00e1 executada. No entanto, a medida pode ser evitada por meio de uma liminar no STJ ou no Supremo Tribunal Federal (STF). O fim dos recursos na segunda inst\u00e2ncia tamb\u00e9m provocar\u00e1 a inelegibilidade do ex-presidente, que tamb\u00e9m poder\u00e1 ser revertida por meio de liminares no STF ou no Tribunal Superior Eleitoral (TSE).<\/p>\n<h4>&nbsp;<\/h4>\n<h4>RELATOR<\/h4>\n<p>Em fun\u00e7\u00e3o do per\u00edodo de recesso nos tribunais superiores, o caso ser\u00e1 analisado pelo vice-presidente do STJ, ministro Humberto Martins.<\/p>\n<p>No habeas corpus preventivo, a defesa de Lula alega que o entendimento do STF sobre a pris\u00e3o ap\u00f3s a segunda inst\u00e2ncia n\u00e3o \u00e9 vinculante, ou seja, de aplica\u00e7\u00e3o obrigat\u00f3ria. Dessa forma, segundo os advogados, o TRF4 n\u00e3o poderia ter determinado a execu\u00e7\u00e3o provis\u00f3ria da condena\u00e7\u00e3o, na decis\u00e3o da semana passada.<\/p>\n<p>&#8220;Se n\u00e3o \u00e9 poss\u00edvel o cumprimento antecipado da pena a partir do ac\u00f3rd\u00e3o que realiza simples men\u00e7\u00e3o aos julgados da Excelsa Corte [STF] que o autorizaram, que dir\u00e1 da decis\u00e3o que apenas faz refer\u00eancia a entendimento sumular do Tribunal Regional?&#8221;, questiona a defesa.<\/p>\n<p>&nbsp;<\/p>\n<h4>PRIS\u00c3O EM SEGUNDA INST\u00c2NCIA<\/h4>\n<p>Em 2016, o Supremo julgou o caso por duas vezes e manteve o entendimento sobre a possibilidade da decreta\u00e7\u00e3o de pris\u00e3o de condenados ap\u00f3s julgamento em segunda inst\u00e2ncia.<\/p>\n<p>Por maioria, o plen\u00e1rio da Corte rejeitou as a\u00e7\u00f5es protocoladas pela Ordem dos Advogados do Brasil (OAB) e pelo Partido Ecol\u00f3gico Nacional (PEN) para que as pris\u00f5es ocorressem apenas ap\u00f3s o fim de todos os recursos, com o tr\u00e2nsito em julgado.<\/p>\n<p>No entanto, a composi\u00e7\u00e3o da Corte foi alterada com a morte do ministro Teori Zavascki e houve mudan\u00e7a na posi\u00e7\u00e3o de Gilmar Mendes. N\u00e3o h\u00e1 data para a retomada da discuss\u00e3o pela Corte.<\/p>\n<p>O cen\u00e1rio atual na Corte \u00e9 de impasse sobre a quest\u00e3o. Os ministros Gilmar Mendes, Dias Toffoli, Rosa Weber, Ricardo Lewandowski e Celso de Mello s\u00e3o contra a execu\u00e7\u00e3o imediata ou entendem que a pris\u00e3o poderia ocorrer ap\u00f3s decis\u00e3o do Superior Tribunal de Justi\u00e7a (STJ).<br \/>Edson Fachin, Lu\u00eds Roberto Barroso, Luiz Fux e a presidente, C\u00e1rmen L\u00facia, s\u00e3o a favor do cumprimento ap\u00f3s a segunda inst\u00e2ncia.<\/p>\n<p>O resultado vai depender do entendimento de Alexandre de Moraes, que n\u00e3o participou do julgamento porque tomou posse no Supremo em mar\u00e7o, na cadeira deixada vaga por Zavascki.<\/p>\n<p>&nbsp;<\/p>\n<p>Fonte: Ag\u00eancia Brasil<\/p>\n","protected":false},"excerpt":{"rendered":"<p>A defesa do ex-presidente Luiz In\u00e1cio Lula da Silva recorreu hoje, 30, ao Superior Tribunal de Justi\u00e7a (STJ) para evitar a eventual pris\u00e3o de Lula ap\u00f3s o \u00faltimo recurso que ser\u00e1 julgado pelo Tribunal Regional Federal da 4\u00aa Regi\u00e3o (TRF4), sediado em Porto Alegre. A possibilidade de pris\u00e3o para execu\u00e7\u00e3o provis\u00f3ria da condena\u00e7\u00e3o do ex-presidente [&hellip;]<\/p>\n","protected":false},"author":96,"featured_media":90738,"comment_status":"closed","ping_status":"closed","sticky":false,"template":"","format":"standard","meta":{"footnotes":""},"categories":[254],"tags":[],"class_list":["post-90739","post","type-post","status-publish","format-standard","has-post-thumbnail","hentry","category-politica"],"_links":{"self":[{"href":"https:\/\/diarioregionaldigital.com.br\/index.php?rest_route=\/wp\/v2\/posts\/90739","targetHints":{"allow":["GET"]}}],"collection":[{"href":"https:\/\/diarioregionaldigital.com.br\/index.php?rest_route=\/wp\/v2\/posts"}],"about":[{"href":"https:\/\/diarioregionaldigital.com.br\/index.php?rest_route=\/wp\/v2\/types\/post"}],"author":[{"embeddable":true,"href":"https:\/\/diarioregionaldigital.com.br\/index.php?rest_route=\/wp\/v2\/users\/96"}],"replies":[{"embeddable":true,"href":"https:\/\/diarioregionaldigital.com.br\/index.php?rest_route=%2Fwp%2Fv2%2Fcomments&post=90739"}],"version-history":[{"count":0,"href":"https:\/\/diarioregionaldigital.com.br\/index.php?rest_route=\/wp\/v2\/posts\/90739\/revisions"}],"wp:featuredmedia":[{"embeddable":true,"href":"https:\/\/diarioregionaldigital.com.br\/index.php?rest_route=\/wp\/v2\/media\/90738"}],"wp:attachment":[{"href":"https:\/\/diarioregionaldigital.com.br\/index.php?rest_route=%2Fwp%2Fv2%2Fmedia&parent=90739"}],"wp:term":[{"taxonomy":"category","embeddable":true,"href":"https:\/\/diarioregionaldigital.com.br\/index.php?rest_route=%2Fwp%2Fv2%2Fcategories&post=90739"},{"taxonomy":"post_tag","embeddable":true,"href":"https:\/\/diarioregionaldigital.com.br\/index.php?rest_route=%2Fwp%2Fv2%2Ftags&post=90739"}],"curies":[{"name":"wp","href":"https:\/\/api.w.org\/{rel}","templated":true}]}}