{"id":90735,"date":"2018-01-30T17:40:31","date_gmt":"2018-01-30T19:40:31","guid":{"rendered":"http:\/\/diarioregionaljf.com.br\/2018\/01\/30\/funalfa-abre-inscricoes-para-oficina-de-desenvolvimento-de-curtas-metragens\/"},"modified":"2018-01-30T17:40:31","modified_gmt":"2018-01-30T19:40:31","slug":"funalfa-abre-inscricoes-para-oficina-de-desenvolvimento-de-curtas-metragens","status":"publish","type":"post","link":"https:\/\/diarioregionaldigital.com.br\/?p=90735","title":{"rendered":"Funalfa abre inscri\u00e7\u00f5es para oficina de desenvolvimento de curtas-metragens"},"content":{"rendered":"<p>Est\u00e3o abertas as inscri\u00e7\u00f5es para a \u201cOficina de desenvolvimento de ideias para curtas- metragens\u201d, selecionada por meio do \u201cEdital de Curtas\u201d, promovido pela Prefeitura de Juiz de Fora\/Funalfa, atrav\u00e9s de emenda parlamentar da deputada federal Margarida Salom\u00e3o. Os m\u00f3dulos ser\u00e3o dados pelos profissionais Mariana Musse (proponente do projeto), Guilherme Fi\u00faza, Andr\u00e9 Fran e Igor Amin, entre 5 e 9 de mar\u00e7o &#8211; das 14h \u00e0s 20h e das 10h \u00e0s 13h no \u00faltimo dia &#8211; no Museu Ferrovi\u00e1rio de Juiz de Fora (Av. Brasil, n\u00ba 2001, Centro). As vagas s\u00e3o limitadas e gratuitas.<\/p>\n<p>A sele\u00e7\u00e3o ser\u00e1 feita a partir de material enviado para o e-mail acreditenaideia@gmail.com. O candidato dever\u00e1 demonstrar interesse por meio de mensagem e receber\u00e1 a ficha de inscri\u00e7\u00e3o para preenchimento. Al\u00e9m dela, \u00e9 preciso enviar, no formato de sua prefer\u00eancia (v\u00eddeo, texto ou arte gr\u00e1fica) breve resumo sobre sua trajet\u00f3ria profissional e esbo\u00e7o da ideia que pretende desenvolver. Para v\u00eddeo, o tempo m\u00e1ximo \u00e9 de dois minutos. J\u00e1 para o texto ou a arte, deve haver limite de uma p\u00e1gina. As inscri\u00e7\u00f5es podem ser feitas at\u00e9 9 de fevereiro. O resultado ser\u00e1 divulgado em 23 de fevereiro, com notifica\u00e7\u00e3o dos selecionados por e-mail.<\/p>\n<p>Confira <a href=\"https:\/\/www.pjf.mg.gov.br\/noticias\/anexo\/Oficina_curta_metragem.pdf\" target=\"_blank\" rel=\"noopener noreferrer\">aqui<\/a> a ementa da oficina.<\/p>\n<p>&nbsp;<\/p>\n<p>Fonte: Assessoria<\/p>\n","protected":false},"excerpt":{"rendered":"<p>Est\u00e3o abertas as inscri\u00e7\u00f5es para a \u201cOficina de desenvolvimento de ideias para curtas- metragens\u201d, selecionada por meio do \u201cEdital de Curtas\u201d, promovido pela Prefeitura de Juiz de Fora\/Funalfa, atrav\u00e9s de emenda parlamentar da deputada federal Margarida Salom\u00e3o. Os m\u00f3dulos ser\u00e3o dados pelos profissionais Mariana Musse (proponente do projeto), Guilherme Fi\u00faza, Andr\u00e9 Fran e Igor Amin, [&hellip;]<\/p>\n","protected":false},"author":96,"featured_media":90734,"comment_status":"closed","ping_status":"closed","sticky":false,"template":"","format":"standard","meta":{"footnotes":""},"categories":[256],"tags":[],"class_list":["post-90735","post","type-post","status-publish","format-standard","has-post-thumbnail","hentry","category-cultura"],"_links":{"self":[{"href":"https:\/\/diarioregionaldigital.com.br\/index.php?rest_route=\/wp\/v2\/posts\/90735","targetHints":{"allow":["GET"]}}],"collection":[{"href":"https:\/\/diarioregionaldigital.com.br\/index.php?rest_route=\/wp\/v2\/posts"}],"about":[{"href":"https:\/\/diarioregionaldigital.com.br\/index.php?rest_route=\/wp\/v2\/types\/post"}],"author":[{"embeddable":true,"href":"https:\/\/diarioregionaldigital.com.br\/index.php?rest_route=\/wp\/v2\/users\/96"}],"replies":[{"embeddable":true,"href":"https:\/\/diarioregionaldigital.com.br\/index.php?rest_route=%2Fwp%2Fv2%2Fcomments&post=90735"}],"version-history":[{"count":0,"href":"https:\/\/diarioregionaldigital.com.br\/index.php?rest_route=\/wp\/v2\/posts\/90735\/revisions"}],"wp:featuredmedia":[{"embeddable":true,"href":"https:\/\/diarioregionaldigital.com.br\/index.php?rest_route=\/wp\/v2\/media\/90734"}],"wp:attachment":[{"href":"https:\/\/diarioregionaldigital.com.br\/index.php?rest_route=%2Fwp%2Fv2%2Fmedia&parent=90735"}],"wp:term":[{"taxonomy":"category","embeddable":true,"href":"https:\/\/diarioregionaldigital.com.br\/index.php?rest_route=%2Fwp%2Fv2%2Fcategories&post=90735"},{"taxonomy":"post_tag","embeddable":true,"href":"https:\/\/diarioregionaldigital.com.br\/index.php?rest_route=%2Fwp%2Fv2%2Ftags&post=90735"}],"curies":[{"name":"wp","href":"https:\/\/api.w.org\/{rel}","templated":true}]}}