{"id":90731,"date":"2018-01-30T13:47:34","date_gmt":"2018-01-30T15:47:34","guid":{"rendered":"http:\/\/diarioregionaljf.com.br\/2018\/01\/30\/defesa-civil-divulga-balanco-de-ocorrencias-devido-as-chuvas-nas-ultimas-24h\/"},"modified":"2018-01-30T13:47:34","modified_gmt":"2018-01-30T15:47:34","slug":"defesa-civil-divulga-balanco-de-ocorrencias-devido-as-chuvas-nas-ultimas-24h","status":"publish","type":"post","link":"https:\/\/diarioregionaldigital.com.br\/?p=90731","title":{"rendered":"Defesa Civil divulga balan\u00e7o de ocorr\u00eancias devido as chuvas nas \u00faltimas 24h"},"content":{"rendered":"<p>Nas \u00faltimas 24 horas, Juiz de Fora registrou m\u00e9dia de 27,98 mm de chuva. Santa Efig\u00eania, na regi\u00e3o sul, Ponte Preta, na regi\u00e3o norte, e o Centro tiveram maiores \u00edndices pluviom\u00e9tricos: 50,70 mm, 46,24 mm e 40,18 mm, respectivamente. O Rio Paraibuna, que estava com 1,13 m \u00e0s 14h, chegou a 1,54 m \u00e0s 18h e na manh\u00e3 de hoje est\u00e1 registrando 1,44 m.<\/p>\n<p>Das 14h desta segunda, 29, at\u00e9 \u00e0s 8h30 desta ter\u00e7a, 30, a Defesa Civil recebeu cinco chamados, todos de destelhamentos, sendo tr\u00eas na regi\u00e3o norte (Carlos Chagas e Milho Branco) e dois na regi\u00e3o oeste (Nova Germ\u00e2nia e Cai\u00e7aras).<\/p>\n<p>No Nova Germ\u00e2nia, houve o destelhamento de uma casa e uma parede caiu. Apenas uma mulher reside na casa com o seu cachorro e, na hora do acidente, ela correu e se protegeu no banheiro. Ela n\u00e3o teve ferimentos e foi orientada a ir para a casa de parentes at\u00e9 que a estrutura da casa seja refeita. A casa est\u00e1 interditada at\u00e9 que a estrutura atingida seja refeita. J\u00e1 no bairro Cai\u00e7aras, a estrutura met\u00e1lica e cobertura de um galp\u00e3o despreendeu e atingiu cinco casas.<\/p>\n<p>Em quatro dessas resid\u00eancias, houve apenas avarias; na quinta, o material obstruiu a entrada, mas o propriet\u00e1rio do galp\u00e3o informou que, ainda durante a noite, liberaria a entrada da resid\u00eancia. Al\u00e9m disso, ele se comprometeu a retirar todo o material da via e das resid\u00eancias e a recompor as moradias atingidas. A Defesa Civil ir\u00e1 reavaliar ambos os casos da regi\u00e3o oeste nesta ter\u00e7a.<\/p>\n<p>No bairro Carlos Chagas, a cobertura de uma resid\u00eancia voou e atingiu a rede el\u00e9trica. A Cemig foi acionada para isolar a rede at\u00e9 que o propriet\u00e1rio fa\u00e7a a remo\u00e7\u00e3o. J\u00e1 no bairro Milho Branco, aconteceu dois destelhamentos de menor propor\u00e7\u00e3o e sem gravidade.<\/p>\n<p>Lembramos que sempre que acontece um destelhamento, cabe ao propriet\u00e1rio do im\u00f3vel que destelhou arcar com os preju\u00edzos causados. A Defesa Civil, ao ser chamada, aciona os \u00f3rg\u00e3os necess\u00e1rios na resposta, como a Cemig, quando atinge a rede el\u00e9trica, por exemplo, e orienta a pessoa sobre o que deve ser feito e se houve algum comprometimento na edifica\u00e7\u00e3o. Vale refor\u00e7ar que a Prefeitura n\u00e3o realiza reparos em locais particulares, cabendo ao propriet\u00e1rio do im\u00f3vel ou em casos como o do Cai\u00e7aras, em que o im\u00f3vel de um terceiro danificou outros, cabe ao propriet\u00e1rio do im\u00f3vel gerador do problema, a solu\u00e7\u00e3o. O baixo padr\u00e3o construtivo e a falta de qualidade na fixa\u00e7\u00e3o das telhas s\u00e3o as principais causas dos destelhamentos. Por isso, a Defesa Civil sempre orienta a contrata\u00e7\u00e3o de um profissional t\u00e9cnico habilitado na constru\u00e7\u00e3o de edifica\u00e7\u00f5es.<\/p>\n<p>Fonte: Assessoria<\/p>\n","protected":false},"excerpt":{"rendered":"<p>Nas \u00faltimas 24 horas, Juiz de Fora registrou m\u00e9dia de 27,98 mm de chuva. Santa Efig\u00eania, na regi\u00e3o sul, Ponte Preta, na regi\u00e3o norte, e o Centro tiveram maiores \u00edndices pluviom\u00e9tricos: 50,70 mm, 46,24 mm e 40,18 mm, respectivamente. O Rio Paraibuna, que estava com 1,13 m \u00e0s 14h, chegou a 1,54 m \u00e0s 18h [&hellip;]<\/p>\n","protected":false},"author":96,"featured_media":90730,"comment_status":"closed","ping_status":"closed","sticky":false,"template":"","format":"standard","meta":{"footnotes":""},"categories":[253],"tags":[],"class_list":["post-90731","post","type-post","status-publish","format-standard","has-post-thumbnail","hentry","category-cidade"],"_links":{"self":[{"href":"https:\/\/diarioregionaldigital.com.br\/index.php?rest_route=\/wp\/v2\/posts\/90731","targetHints":{"allow":["GET"]}}],"collection":[{"href":"https:\/\/diarioregionaldigital.com.br\/index.php?rest_route=\/wp\/v2\/posts"}],"about":[{"href":"https:\/\/diarioregionaldigital.com.br\/index.php?rest_route=\/wp\/v2\/types\/post"}],"author":[{"embeddable":true,"href":"https:\/\/diarioregionaldigital.com.br\/index.php?rest_route=\/wp\/v2\/users\/96"}],"replies":[{"embeddable":true,"href":"https:\/\/diarioregionaldigital.com.br\/index.php?rest_route=%2Fwp%2Fv2%2Fcomments&post=90731"}],"version-history":[{"count":0,"href":"https:\/\/diarioregionaldigital.com.br\/index.php?rest_route=\/wp\/v2\/posts\/90731\/revisions"}],"wp:featuredmedia":[{"embeddable":true,"href":"https:\/\/diarioregionaldigital.com.br\/index.php?rest_route=\/wp\/v2\/media\/90730"}],"wp:attachment":[{"href":"https:\/\/diarioregionaldigital.com.br\/index.php?rest_route=%2Fwp%2Fv2%2Fmedia&parent=90731"}],"wp:term":[{"taxonomy":"category","embeddable":true,"href":"https:\/\/diarioregionaldigital.com.br\/index.php?rest_route=%2Fwp%2Fv2%2Fcategories&post=90731"},{"taxonomy":"post_tag","embeddable":true,"href":"https:\/\/diarioregionaldigital.com.br\/index.php?rest_route=%2Fwp%2Fv2%2Ftags&post=90731"}],"curies":[{"name":"wp","href":"https:\/\/api.w.org\/{rel}","templated":true}]}}