{"id":90729,"date":"2018-01-30T12:48:04","date_gmt":"2018-01-30T14:48:04","guid":{"rendered":"http:\/\/diarioregionaljf.com.br\/2018\/01\/30\/homem-e-ameacado-com-faca-durante-assalto-no-ipiranga\/"},"modified":"2018-01-30T12:48:04","modified_gmt":"2018-01-30T14:48:04","slug":"homem-e-ameacado-com-faca-durante-assalto-no-ipiranga","status":"publish","type":"post","link":"https:\/\/diarioregionaldigital.com.br\/?p=90729","title":{"rendered":"Homem \u00e9 amea\u00e7ado com faca durante assalto no Ipiranga"},"content":{"rendered":"<p>Um homem de 30 anos foi v\u00edtima de um assalto na noite desta segunda-feira, 29, no bairro Ipiranga, localizado na zona Sul.<\/p>\n<p>De acordo com a Pol\u00edcia Militar (PM), o homem encontrava-se na Rua Ol\u00edvia Moreira quando foi abordado por dois indiv\u00edduos que anunciaram o assalto.<\/p>\n<p>Um dos autores estava armado com uma faca. Eles usaram de for\u00e7a f\u00edsica e tentaram puxar a mochila da v\u00edtima, momento em que a mesma reagiu, empurrando um dos autores. Surpresos com a rea\u00e7\u00e3o, os assaltantes fugiram.<\/p>\n<p>A PM realizou buscas, mas os indiv\u00edduos n\u00e3o foram encontrados.<\/p>\n","protected":false},"excerpt":{"rendered":"<p>Um homem de 30 anos foi v\u00edtima de um assalto na noite desta segunda-feira, 29, no bairro Ipiranga, localizado na zona Sul. De acordo com a Pol\u00edcia Militar (PM), o homem encontrava-se na Rua Ol\u00edvia Moreira quando foi abordado por dois indiv\u00edduos que anunciaram o assalto. Um dos autores estava armado com uma faca. Eles [&hellip;]<\/p>\n","protected":false},"author":96,"featured_media":90728,"comment_status":"closed","ping_status":"closed","sticky":false,"template":"","format":"standard","meta":{"footnotes":""},"categories":[301],"tags":[],"class_list":["post-90729","post","type-post","status-publish","format-standard","has-post-thumbnail","hentry","category-artigos-policiais"],"_links":{"self":[{"href":"https:\/\/diarioregionaldigital.com.br\/index.php?rest_route=\/wp\/v2\/posts\/90729","targetHints":{"allow":["GET"]}}],"collection":[{"href":"https:\/\/diarioregionaldigital.com.br\/index.php?rest_route=\/wp\/v2\/posts"}],"about":[{"href":"https:\/\/diarioregionaldigital.com.br\/index.php?rest_route=\/wp\/v2\/types\/post"}],"author":[{"embeddable":true,"href":"https:\/\/diarioregionaldigital.com.br\/index.php?rest_route=\/wp\/v2\/users\/96"}],"replies":[{"embeddable":true,"href":"https:\/\/diarioregionaldigital.com.br\/index.php?rest_route=%2Fwp%2Fv2%2Fcomments&post=90729"}],"version-history":[{"count":0,"href":"https:\/\/diarioregionaldigital.com.br\/index.php?rest_route=\/wp\/v2\/posts\/90729\/revisions"}],"wp:featuredmedia":[{"embeddable":true,"href":"https:\/\/diarioregionaldigital.com.br\/index.php?rest_route=\/wp\/v2\/media\/90728"}],"wp:attachment":[{"href":"https:\/\/diarioregionaldigital.com.br\/index.php?rest_route=%2Fwp%2Fv2%2Fmedia&parent=90729"}],"wp:term":[{"taxonomy":"category","embeddable":true,"href":"https:\/\/diarioregionaldigital.com.br\/index.php?rest_route=%2Fwp%2Fv2%2Fcategories&post=90729"},{"taxonomy":"post_tag","embeddable":true,"href":"https:\/\/diarioregionaldigital.com.br\/index.php?rest_route=%2Fwp%2Fv2%2Ftags&post=90729"}],"curies":[{"name":"wp","href":"https:\/\/api.w.org\/{rel}","templated":true}]}}