{"id":90727,"date":"2018-01-30T12:29:40","date_gmt":"2018-01-30T14:29:40","guid":{"rendered":"http:\/\/diarioregionaljf.com.br\/2018\/01\/30\/taxista-e-assaltado-no-bairro-santa-rita-2\/"},"modified":"2018-01-30T12:29:40","modified_gmt":"2018-01-30T14:29:40","slug":"taxista-e-assaltado-no-bairro-santa-rita-2","status":"publish","type":"post","link":"https:\/\/diarioregionaldigital.com.br\/?p=90727","title":{"rendered":"Taxista \u00e9 assaltado no bairro Santa Rita"},"content":{"rendered":"<p>Um taxista de 24 anos foi assaltado na madrugada desta ter\u00e7a-feira, 30, no bairro Santa Rita, localizado na zona Leste.<\/p>\n<p>De acordo com informa\u00e7\u00f5es do registro de ocorr\u00eancias da Pol\u00edcia Militar (PM) o taxista encontrava-se na Rua Orvile Derby Dutra quando foi abordado por um indiv\u00edduo que anunciou o assalto.<\/p>\n<p>O autor simulava estar armado e ap\u00f3s amea\u00e7as roubou o celular da v\u00edtima e a quantia de R$90.<\/p>\n<p>Ap\u00f3s a a\u00e7\u00e3o ele fugiu e n\u00e3o foi localizado.<\/p>\n","protected":false},"excerpt":{"rendered":"<p>Um taxista de 24 anos foi assaltado na madrugada desta ter\u00e7a-feira, 30, no bairro Santa Rita, localizado na zona Leste. De acordo com informa\u00e7\u00f5es do registro de ocorr\u00eancias da Pol\u00edcia Militar (PM) o taxista encontrava-se na Rua Orvile Derby Dutra quando foi abordado por um indiv\u00edduo que anunciou o assalto. O autor simulava estar armado [&hellip;]<\/p>\n","protected":false},"author":96,"featured_media":90726,"comment_status":"closed","ping_status":"closed","sticky":false,"template":"","format":"standard","meta":{"footnotes":""},"categories":[301],"tags":[],"class_list":["post-90727","post","type-post","status-publish","format-standard","has-post-thumbnail","hentry","category-artigos-policiais"],"_links":{"self":[{"href":"https:\/\/diarioregionaldigital.com.br\/index.php?rest_route=\/wp\/v2\/posts\/90727","targetHints":{"allow":["GET"]}}],"collection":[{"href":"https:\/\/diarioregionaldigital.com.br\/index.php?rest_route=\/wp\/v2\/posts"}],"about":[{"href":"https:\/\/diarioregionaldigital.com.br\/index.php?rest_route=\/wp\/v2\/types\/post"}],"author":[{"embeddable":true,"href":"https:\/\/diarioregionaldigital.com.br\/index.php?rest_route=\/wp\/v2\/users\/96"}],"replies":[{"embeddable":true,"href":"https:\/\/diarioregionaldigital.com.br\/index.php?rest_route=%2Fwp%2Fv2%2Fcomments&post=90727"}],"version-history":[{"count":0,"href":"https:\/\/diarioregionaldigital.com.br\/index.php?rest_route=\/wp\/v2\/posts\/90727\/revisions"}],"wp:featuredmedia":[{"embeddable":true,"href":"https:\/\/diarioregionaldigital.com.br\/index.php?rest_route=\/wp\/v2\/media\/90726"}],"wp:attachment":[{"href":"https:\/\/diarioregionaldigital.com.br\/index.php?rest_route=%2Fwp%2Fv2%2Fmedia&parent=90727"}],"wp:term":[{"taxonomy":"category","embeddable":true,"href":"https:\/\/diarioregionaldigital.com.br\/index.php?rest_route=%2Fwp%2Fv2%2Fcategories&post=90727"},{"taxonomy":"post_tag","embeddable":true,"href":"https:\/\/diarioregionaldigital.com.br\/index.php?rest_route=%2Fwp%2Fv2%2Ftags&post=90727"}],"curies":[{"name":"wp","href":"https:\/\/api.w.org\/{rel}","templated":true}]}}