{"id":90725,"date":"2018-01-30T11:53:05","date_gmt":"2018-01-30T13:53:05","guid":{"rendered":"http:\/\/diarioregionaljf.com.br\/2018\/01\/30\/mulher-e-assaltada-por-dupla-em-moto-no-bairro-bairu\/"},"modified":"2018-01-30T11:53:05","modified_gmt":"2018-01-30T13:53:05","slug":"mulher-e-assaltada-por-dupla-em-moto-no-bairro-bairu","status":"publish","type":"post","link":"https:\/\/diarioregionaldigital.com.br\/?p=90725","title":{"rendered":"Mulher \u00e9 assaltada por dupla em moto no bairro Bairu"},"content":{"rendered":"<p>Uma mulher de 42 anos foi v\u00edtima de um assalto no in\u00edcio da noite desta segunda-feira, 29, no bairro Bairu, localizado na zona Leste.<\/p>\n<p>Segundo a Pol\u00edcia Militar (PM), a mulher passava pela Rua Professor Francisco Faria quando foi abordada por dois indiv\u00edduos em uma motocicleta que anunciaram o assalto.<\/p>\n<p>A dupla estava armada com uma faca e ap\u00f3s amea\u00e7as roubaram o aparelho celular da v\u00edtima e fugiram.<\/p>\n<p>A PM realizou buscas pela regi\u00e3o e localizaram os autores, de 26 e 34 anos. Eles foram presos e conduzidos para delegacia.<\/p>\n<p>O registro de ocorr\u00eancias n\u00e3o informou se o celular da v\u00edtima foi recuperado.<\/p>\n","protected":false},"excerpt":{"rendered":"<p>Uma mulher de 42 anos foi v\u00edtima de um assalto no in\u00edcio da noite desta segunda-feira, 29, no bairro Bairu, localizado na zona Leste. Segundo a Pol\u00edcia Militar (PM), a mulher passava pela Rua Professor Francisco Faria quando foi abordada por dois indiv\u00edduos em uma motocicleta que anunciaram o assalto. A dupla estava armada com [&hellip;]<\/p>\n","protected":false},"author":96,"featured_media":90724,"comment_status":"closed","ping_status":"closed","sticky":false,"template":"","format":"standard","meta":{"footnotes":""},"categories":[301],"tags":[],"class_list":["post-90725","post","type-post","status-publish","format-standard","has-post-thumbnail","hentry","category-artigos-policiais"],"_links":{"self":[{"href":"https:\/\/diarioregionaldigital.com.br\/index.php?rest_route=\/wp\/v2\/posts\/90725","targetHints":{"allow":["GET"]}}],"collection":[{"href":"https:\/\/diarioregionaldigital.com.br\/index.php?rest_route=\/wp\/v2\/posts"}],"about":[{"href":"https:\/\/diarioregionaldigital.com.br\/index.php?rest_route=\/wp\/v2\/types\/post"}],"author":[{"embeddable":true,"href":"https:\/\/diarioregionaldigital.com.br\/index.php?rest_route=\/wp\/v2\/users\/96"}],"replies":[{"embeddable":true,"href":"https:\/\/diarioregionaldigital.com.br\/index.php?rest_route=%2Fwp%2Fv2%2Fcomments&post=90725"}],"version-history":[{"count":0,"href":"https:\/\/diarioregionaldigital.com.br\/index.php?rest_route=\/wp\/v2\/posts\/90725\/revisions"}],"wp:featuredmedia":[{"embeddable":true,"href":"https:\/\/diarioregionaldigital.com.br\/index.php?rest_route=\/wp\/v2\/media\/90724"}],"wp:attachment":[{"href":"https:\/\/diarioregionaldigital.com.br\/index.php?rest_route=%2Fwp%2Fv2%2Fmedia&parent=90725"}],"wp:term":[{"taxonomy":"category","embeddable":true,"href":"https:\/\/diarioregionaldigital.com.br\/index.php?rest_route=%2Fwp%2Fv2%2Fcategories&post=90725"},{"taxonomy":"post_tag","embeddable":true,"href":"https:\/\/diarioregionaldigital.com.br\/index.php?rest_route=%2Fwp%2Fv2%2Ftags&post=90725"}],"curies":[{"name":"wp","href":"https:\/\/api.w.org\/{rel}","templated":true}]}}