{"id":90723,"date":"2018-01-30T11:24:46","date_gmt":"2018-01-30T13:24:46","guid":{"rendered":"http:\/\/diarioregionaljf.com.br\/2018\/01\/30\/mulher-e-presa-ao-tentar-dar-golpe-em-loja-na-avenida-brasil\/"},"modified":"2018-01-30T11:24:46","modified_gmt":"2018-01-30T13:24:46","slug":"mulher-e-presa-ao-tentar-dar-golpe-em-loja-na-avenida-brasil","status":"publish","type":"post","link":"https:\/\/diarioregionaldigital.com.br\/?p=90723","title":{"rendered":"Mulher \u00e9 presa ao tentar dar golpe em loja na Avenida Brasil"},"content":{"rendered":"<p>Uma mulher de 55 anos foi presa por estelionato na noite desta segunda-feira, 29, no bairro S\u00e3o Dimas, localizado na zona Norte da cidade.<\/p>\n<p>Segundo informa\u00e7\u00f5es da Pol\u00edcia Militar (PM), a mulher tentou realizar um cadastro em uma loja de departamentos localizada na Avenida Brasil, utilizando documentos falsos. Durante o procedimento, o sistema acusou falha no registro, negando assim o cadastro.<\/p>\n<p>Mediante o fato foram realizados levantamentos a respeito da mulher sendo constatado que a mesma tamb\u00e9m estava em um ve\u00edculo com documenta\u00e7\u00e3o irregular. No interior do carro encontravam-se materiais diversos, provenientes de golpes anteriores, em outros estabelecimentos comerciais.<\/p>\n<p>A autora recebeu voz de pris\u00e3o em flagrante e todos os materiais foram apreendidos e encaminhados para a pol\u00edcia.<\/p>\n","protected":false},"excerpt":{"rendered":"<p>Uma mulher de 55 anos foi presa por estelionato na noite desta segunda-feira, 29, no bairro S\u00e3o Dimas, localizado na zona Norte da cidade. Segundo informa\u00e7\u00f5es da Pol\u00edcia Militar (PM), a mulher tentou realizar um cadastro em uma loja de departamentos localizada na Avenida Brasil, utilizando documentos falsos. Durante o procedimento, o sistema acusou falha [&hellip;]<\/p>\n","protected":false},"author":96,"featured_media":90722,"comment_status":"closed","ping_status":"closed","sticky":false,"template":"","format":"standard","meta":{"footnotes":""},"categories":[301],"tags":[],"class_list":["post-90723","post","type-post","status-publish","format-standard","has-post-thumbnail","hentry","category-artigos-policiais"],"_links":{"self":[{"href":"https:\/\/diarioregionaldigital.com.br\/index.php?rest_route=\/wp\/v2\/posts\/90723","targetHints":{"allow":["GET"]}}],"collection":[{"href":"https:\/\/diarioregionaldigital.com.br\/index.php?rest_route=\/wp\/v2\/posts"}],"about":[{"href":"https:\/\/diarioregionaldigital.com.br\/index.php?rest_route=\/wp\/v2\/types\/post"}],"author":[{"embeddable":true,"href":"https:\/\/diarioregionaldigital.com.br\/index.php?rest_route=\/wp\/v2\/users\/96"}],"replies":[{"embeddable":true,"href":"https:\/\/diarioregionaldigital.com.br\/index.php?rest_route=%2Fwp%2Fv2%2Fcomments&post=90723"}],"version-history":[{"count":0,"href":"https:\/\/diarioregionaldigital.com.br\/index.php?rest_route=\/wp\/v2\/posts\/90723\/revisions"}],"wp:featuredmedia":[{"embeddable":true,"href":"https:\/\/diarioregionaldigital.com.br\/index.php?rest_route=\/wp\/v2\/media\/90722"}],"wp:attachment":[{"href":"https:\/\/diarioregionaldigital.com.br\/index.php?rest_route=%2Fwp%2Fv2%2Fmedia&parent=90723"}],"wp:term":[{"taxonomy":"category","embeddable":true,"href":"https:\/\/diarioregionaldigital.com.br\/index.php?rest_route=%2Fwp%2Fv2%2Fcategories&post=90723"},{"taxonomy":"post_tag","embeddable":true,"href":"https:\/\/diarioregionaldigital.com.br\/index.php?rest_route=%2Fwp%2Fv2%2Ftags&post=90723"}],"curies":[{"name":"wp","href":"https:\/\/api.w.org\/{rel}","templated":true}]}}