{"id":90721,"date":"2018-01-29T22:20:24","date_gmt":"2018-01-30T00:20:24","guid":{"rendered":"http:\/\/diarioregionaljf.com.br\/2018\/01\/29\/chuvas-fortes-devem-continuar-ate-pelo-menos-quarta-feira-na-zona-da-mata\/"},"modified":"2018-01-29T22:20:24","modified_gmt":"2018-01-30T00:20:24","slug":"chuvas-fortes-devem-continuar-ate-pelo-menos-quarta-feira-na-zona-da-mata","status":"publish","type":"post","link":"https:\/\/diarioregionaldigital.com.br\/?p=90721","title":{"rendered":"Chuvas fortes devem continuar at\u00e9 pelo menos quarta-feira na zona da Mata"},"content":{"rendered":"<p>Os juiz-foranos foram surpreendidos com uma forte pancada de chuva na tarde dessa segunda-feira, 29. As equipes do Corpo de Bombeiros atuaram em quatro ocorr\u00eancias devido \u00e0 chuva.<\/p>\n<p>O vento tirou o telhado de uma resid\u00eancia situada no bairro Nova Germ\u00e2nia, Cidade Alta. A moradora n\u00e3o se feriu e seguiu orienta\u00e7\u00f5es da Defesa Civil, desocupando o im\u00f3vel e indo se abrigar na casa de familiares. Na mesma regi\u00e3o, no bairro Cai\u00e7ara, os militares atuaram no caso de um telhado de um galp\u00e3o que caiu e atingiu uma resid\u00eancia e a rua. O telhado desprendeu, com a estrutura, e atingiu os dois pontos. A Cemig precisou desligar a energia no local e, al\u00e9m dos bombeiros, Pol\u00edcia Militar (PM) e Defesa Civil foram acionadas.<\/p>\n<p>A corpora\u00e7\u00e3o tamb\u00e9m registrou dois casos envolvendo \u00e1rvores. A primeira foi no bairro Santa Cec\u00edlia, zona Sul. Os bombeiros foram at\u00e9 o local e realizaram uma vistoria na \u00e1rvore, mas n\u00e3o foi constatado risco iminente de queda. A outra ocorr\u00eancia foi registrada na zona Norte, onde os bombeiros tivera, que efetuar o corte de uma \u00e1rvore que j\u00e1 havia ca\u00eddo na via.<\/p>\n<p>&nbsp;<\/p>\n<h4>INSTABILIDADE QUE VEM DO OCEANO<\/h4>\n<p>O tempo est\u00e1 inst\u00e1vel em toda regi\u00e3o da zona da Mata devido a um sistema que est\u00e1 agindo no oceano. \u201cEsse sistema, que est\u00e1 avan\u00e7ado pelo oceano, \u00e9 que provoca a instabilidade. Ele ainda coincide, \u00e9 bem comum nessa \u00e9poca do ano, com o transporte de umidade que vem da Amaz\u00f4nia e passa pelas regi\u00f5es centro-oeste e sudeste do pa\u00eds. Portanto, a uni\u00e3o desses dois fen\u00f4menos provocou esse tempo mais inst\u00e1vel no centro-sul e oeste de Minas Gerais&#8221;, esclareceu a meteorologista do 5\u00ba Distrito do Instituto Nacional de Meteorologia (Inmet), Anete Fernandes.<\/p>\n<p>A especialista esclareceu que o fen\u00f4meno deve avan\u00e7ar para o centro do estado, e por isso as chuvas devem diminuir no final da semana. \u201cA perspectiva \u00e9 de bastante chuva pelo menos at\u00e9 quarta-feira. Em diante, diminui um pouco e poder\u00e3o ocorrer t\u00edpicas pancadas de fim de tarde e noite, que s\u00e3o comuns no ver\u00e3o. At\u00e9 l\u00e1, persiste esta condi\u00e7\u00e3o inst\u00e1vel com chuvas a qualquer hora\u201d, explicou.<\/p>\n<p>Nesta ter\u00e7a-feira, segundo a meteorologista, a previs\u00e3o \u00e9 que as temperaturas variem entre 20\u00baC e 23\u00baC. \u201cDevido aos dias chuvosos, a tend\u00eancia \u00e9 a que a umidade relativa do ar continue com \u00edndices altos, entre 75% e 100%\u201d, finalizou.<\/p>\n","protected":false},"excerpt":{"rendered":"<p>Os juiz-foranos foram surpreendidos com uma forte pancada de chuva na tarde dessa segunda-feira, 29. As equipes do Corpo de Bombeiros atuaram em quatro ocorr\u00eancias devido \u00e0 chuva. O vento tirou o telhado de uma resid\u00eancia situada no bairro Nova Germ\u00e2nia, Cidade Alta. A moradora n\u00e3o se feriu e seguiu orienta\u00e7\u00f5es da Defesa Civil, desocupando [&hellip;]<\/p>\n","protected":false},"author":96,"featured_media":90720,"comment_status":"closed","ping_status":"closed","sticky":false,"template":"","format":"standard","meta":{"footnotes":""},"categories":[253],"tags":[],"class_list":["post-90721","post","type-post","status-publish","format-standard","has-post-thumbnail","hentry","category-cidade"],"_links":{"self":[{"href":"https:\/\/diarioregionaldigital.com.br\/index.php?rest_route=\/wp\/v2\/posts\/90721","targetHints":{"allow":["GET"]}}],"collection":[{"href":"https:\/\/diarioregionaldigital.com.br\/index.php?rest_route=\/wp\/v2\/posts"}],"about":[{"href":"https:\/\/diarioregionaldigital.com.br\/index.php?rest_route=\/wp\/v2\/types\/post"}],"author":[{"embeddable":true,"href":"https:\/\/diarioregionaldigital.com.br\/index.php?rest_route=\/wp\/v2\/users\/96"}],"replies":[{"embeddable":true,"href":"https:\/\/diarioregionaldigital.com.br\/index.php?rest_route=%2Fwp%2Fv2%2Fcomments&post=90721"}],"version-history":[{"count":0,"href":"https:\/\/diarioregionaldigital.com.br\/index.php?rest_route=\/wp\/v2\/posts\/90721\/revisions"}],"wp:featuredmedia":[{"embeddable":true,"href":"https:\/\/diarioregionaldigital.com.br\/index.php?rest_route=\/wp\/v2\/media\/90720"}],"wp:attachment":[{"href":"https:\/\/diarioregionaldigital.com.br\/index.php?rest_route=%2Fwp%2Fv2%2Fmedia&parent=90721"}],"wp:term":[{"taxonomy":"category","embeddable":true,"href":"https:\/\/diarioregionaldigital.com.br\/index.php?rest_route=%2Fwp%2Fv2%2Fcategories&post=90721"},{"taxonomy":"post_tag","embeddable":true,"href":"https:\/\/diarioregionaldigital.com.br\/index.php?rest_route=%2Fwp%2Fv2%2Ftags&post=90721"}],"curies":[{"name":"wp","href":"https:\/\/api.w.org\/{rel}","templated":true}]}}