{"id":90717,"date":"2018-01-29T21:55:23","date_gmt":"2018-01-29T23:55:23","guid":{"rendered":"http:\/\/diarioregionaljf.com.br\/2018\/01\/29\/juiz-de-fora-registra-mais-uma-morte-por-suspeita-de-febre-amarela\/"},"modified":"2018-01-29T21:55:23","modified_gmt":"2018-01-29T23:55:23","slug":"juiz-de-fora-registra-mais-uma-morte-por-suspeita-de-febre-amarela","status":"publish","type":"post","link":"https:\/\/diarioregionaldigital.com.br\/?p=90717","title":{"rendered":"Juiz de Fora registra mais uma morte por suspeita de febre amarela"},"content":{"rendered":"<p>Um idoso de 62 anos, que estava internado com suspeita de febre amarela na unidade Santa Catarina do Hospital Universit\u00e1rio da Universidade Federal de Juiz de Fora (HU-UFJF), faleceu no \u00faltimo s\u00e1bado, 27. De acordo com nota divulgada pelo Hospital, o homem deu entrada na institui\u00e7\u00e3o na sexta-feira, 26, em estado grave, e estava na Unidade de Terapia Intensiva (UTI).<\/p>\n<p>Ainda conforme comunicado divulgado pelo HU, nessa segunda-feira, 29, haviam sete pacientes internados na unidade com suspeita da doen\u00e7a. Dentre eles, um homem de 37 anos, que deu entrada no hospital na quarta-feira, 24, e segue em recupera\u00e7\u00e3o na UTI, ainda em estado grave.<\/p>\n<p>Um outro paciente, de 30 anos, que foi internado na quinta-feira, 25, em estado grave, foi transferido da UTI para a enfermaria no s\u00e1bado, 27.<\/p>\n<p>J\u00e1 um jovem de 23 anos, que estava em observa\u00e7\u00e3o na enfermaria do Hospital, recebeu alta m\u00e9dica na \u00faltima sexta-feira, 26.<\/p>\n<p>&nbsp;<\/p>\n<h4>NOVOS CASOS<\/h4>\n<p>Ainda segundo a nota, quatro novos pacientes com suspeita de febre amarela deram entrada na unidade Santa Catarina do HU-UFJF no \u00faltimo final de semana. Um homem de 32 anos segue em estado est\u00e1vel na enfermaria do Hospital desde s\u00e1bado, 27.<\/p>\n<p>Tamb\u00e9m no s\u00e1bado, um homem de 33 anos foi internado na Unidade de Terapia Intensiva, em estado grave. Ele segue hospitalizado e seu estado de sa\u00fade \u00e9 est\u00e1vel.<\/p>\n<p>No domingo, 28, dois pacientes deram entrada na unidade. Um homem de 50 anos segue internado na UTI em estado grave. J\u00e1 a \u00fanica mulher hospitalizada na enfermaria da institui\u00e7\u00e3o com suspeita de febre amarela, uma senhora de 63 anos, segue com quadro de sa\u00fade est\u00e1vel.<\/p>\n","protected":false},"excerpt":{"rendered":"<p>Um idoso de 62 anos, que estava internado com suspeita de febre amarela na unidade Santa Catarina do Hospital Universit\u00e1rio da Universidade Federal de Juiz de Fora (HU-UFJF), faleceu no \u00faltimo s\u00e1bado, 27. De acordo com nota divulgada pelo Hospital, o homem deu entrada na institui\u00e7\u00e3o na sexta-feira, 26, em estado grave, e estava na [&hellip;]<\/p>\n","protected":false},"author":96,"featured_media":90716,"comment_status":"closed","ping_status":"closed","sticky":false,"template":"","format":"standard","meta":{"footnotes":""},"categories":[253],"tags":[],"class_list":["post-90717","post","type-post","status-publish","format-standard","has-post-thumbnail","hentry","category-cidade"],"_links":{"self":[{"href":"https:\/\/diarioregionaldigital.com.br\/index.php?rest_route=\/wp\/v2\/posts\/90717","targetHints":{"allow":["GET"]}}],"collection":[{"href":"https:\/\/diarioregionaldigital.com.br\/index.php?rest_route=\/wp\/v2\/posts"}],"about":[{"href":"https:\/\/diarioregionaldigital.com.br\/index.php?rest_route=\/wp\/v2\/types\/post"}],"author":[{"embeddable":true,"href":"https:\/\/diarioregionaldigital.com.br\/index.php?rest_route=\/wp\/v2\/users\/96"}],"replies":[{"embeddable":true,"href":"https:\/\/diarioregionaldigital.com.br\/index.php?rest_route=%2Fwp%2Fv2%2Fcomments&post=90717"}],"version-history":[{"count":0,"href":"https:\/\/diarioregionaldigital.com.br\/index.php?rest_route=\/wp\/v2\/posts\/90717\/revisions"}],"wp:featuredmedia":[{"embeddable":true,"href":"https:\/\/diarioregionaldigital.com.br\/index.php?rest_route=\/wp\/v2\/media\/90716"}],"wp:attachment":[{"href":"https:\/\/diarioregionaldigital.com.br\/index.php?rest_route=%2Fwp%2Fv2%2Fmedia&parent=90717"}],"wp:term":[{"taxonomy":"category","embeddable":true,"href":"https:\/\/diarioregionaldigital.com.br\/index.php?rest_route=%2Fwp%2Fv2%2Fcategories&post=90717"},{"taxonomy":"post_tag","embeddable":true,"href":"https:\/\/diarioregionaldigital.com.br\/index.php?rest_route=%2Fwp%2Fv2%2Ftags&post=90717"}],"curies":[{"name":"wp","href":"https:\/\/api.w.org\/{rel}","templated":true}]}}