{"id":90715,"date":"2018-01-29T21:50:49","date_gmt":"2018-01-29T23:50:49","guid":{"rendered":"http:\/\/diarioregionaljf.com.br\/2018\/01\/29\/aniversario-2\/"},"modified":"2018-01-29T21:50:49","modified_gmt":"2018-01-29T23:50:49","slug":"aniversario-2","status":"publish","type":"post","link":"https:\/\/diarioregionaldigital.com.br\/?p=90715","title":{"rendered":"Anivers\u00e1rio"},"content":{"rendered":"<p style=\"text-align: center;\"><span class=\"h4\">Anivers\u00e1rio<\/span><br \/>Foi durante o show de Alcione no Green Hill a comemora\u00e7\u00e3o do anivers\u00e1rio do su\u00ed\u00e7o Charlie Tam ao lado da mulher Vera Alice Tam, que est\u00e3o de f\u00e9rias no Brasil. Na mesa animad\u00edssima com eles, Beto Souza, Lidiane Stambassi, Andreia Pereira e a filha Sarah Costa. Eles retornam para a Su\u00ed\u00e7a em 3 de fevereiro.<\/p>\n<p style=\"text-align: center;\"><span class=\"h4\">Na Pauta<\/span><br \/>Est\u00e3o abertas as inscri\u00e7\u00f5es para ocupa\u00e7\u00e3o da Galeria de Arte, do Forum da Cultura da UFJF, no per\u00edodo de 5 de fevereiro ao dia 2 de mar\u00e7o. Os interessados podem fazer a inscri\u00e7\u00e3o pessoalmente na Secretaria do Forum da Cultura. O edital tem o intuito de oportunizar a difus\u00e3o de artistas jovens ou consagrados.<\/p>\n<p style=\"text-align: center;\"><span class=\"h4\">Treinamento<\/span><br \/>O mercado atual \u00e9 marcado pela constante necessidade de mudan\u00e7a, o que exige, cada vez mais, lideran\u00e7as na organiza\u00e7\u00e3o para alcan\u00e7ar excel\u00eancia nos resultados. E, o sucesso empresarial depende da compet\u00eancia, motiva\u00e7\u00e3o e envolvimento de suas lideran\u00e7as. Com o intuito de promover o conhecimento nessa \u00e1rea, a FIEMG Regional Zona da Mata, em parceria com o Centro Industrial e Empresarial de Minas Gerais &#8211; CIEMG, traz pela segunda vez para Juiz de Fora o treinamento \u201cLideran\u00e7a para Ch\u00e3o de F\u00e1brica\u201d, que ser\u00e1 realizado na pr\u00f3xima semana, nos dias 30 e 31 de janeiro.<\/p>\n<p style=\"text-align: center;\"><span class=\"h4\">Carnaval<\/span><br \/>Os mineiros das Alterosas (BH) j\u00e1 est\u00e3o em pleno carnaval. Para quem tem pique, \u00e9 bom ficar atento. O bloco Baianeiros, que desfila ter\u00e7a-feira de carnaval na Avenida M\u00e1rio Werneck, marcou after no Chalezinho. Sob comando de Danniel Maestri e Lelo Lob\u00e3o, ex-baixista do Chiclete com Banana, o Baianeiros ganha refor\u00e7o no Clube de Thiago Carvalho.<\/p>\n<p style=\"text-align: center;\"><span class=\"h4\">Come Quieto<\/span><br \/>O esperado baile do Bloco Come Quieto, agendado para o s\u00e1bado 3 de fevereiro, ter\u00e1 sua entrega de abad\u00e1s entre os dias 30 de janeiro (hoje) a 2 de fevereiro (sexta-feira). Os foli\u00f5es poder\u00e3o retirar a camiseta da folia no Independ\u00eancia Shopping, das 10h \u00e0s 22h, no L2, em frente ao lounge da Kopenhagem.<\/p>\n<p style=\"text-align: center;\"><span class=\"h4\">Jogo Duro<\/span><br \/>Com desempenho recorde na Bolsa de Valores a queda no pre\u00e7o do d\u00f3lar, o mercado comemorou a decis\u00e3o do TRF-4. Corretoras e gestoras de fundos apostaram em massa na condena\u00e7\u00e3o de Lula, mas protegeram, reduzindo o risco de aplica\u00e7\u00f5es e fazendo seguros contra perdas (hedge).<\/p>\n<p style=\"text-align: center;\"><img decoding=\"async\" class=\" size-full wp-image-90706\" src=\"http:\/\/diarioregionaljf.com.br\/wp-content\/uploads\/2018\/01\/diario-int-23611-1.jpg\" alt=\"fotoa.jpg\" width=\"680\" style=\"display: block; margin-left: auto; margin-right: auto;\" srcset=\"https:\/\/diarioregionaldigital.com.br\/wp-content\/uploads\/2018\/01\/diario-int-23611-1.jpg 680w, https:\/\/diarioregionaldigital.com.br\/wp-content\/uploads\/2018\/01\/diario-int-23611-1-300x199.jpg 300w, https:\/\/diarioregionaldigital.com.br\/wp-content\/uploads\/2018\/01\/diario-int-23611-1-360x238.jpg 360w\" sizes=\"(max-width: 680px) 100vw, 680px\" \/>Aniversariando hoje, 30 de janeiro, o tricolor Pedro Henrique comemora com sua m\u00e3e Cl\u00e1udia Matos<\/p>\n<p style=\"text-align: center;\"><img decoding=\"async\" class=\" size-full wp-image-90707\" src=\"http:\/\/diarioregionaljf.com.br\/wp-content\/uploads\/2018\/01\/diario-int-23611-2.jpg\" alt=\"fotocc.jpg\" width=\"680\" style=\"display: block; margin-left: auto; margin-right: auto;\" srcset=\"https:\/\/diarioregionaldigital.com.br\/wp-content\/uploads\/2018\/01\/diario-int-23611-2.jpg 675w, https:\/\/diarioregionaldigital.com.br\/wp-content\/uploads\/2018\/01\/diario-int-23611-2-300x200.jpg 300w, https:\/\/diarioregionaldigital.com.br\/wp-content\/uploads\/2018\/01\/diario-int-23611-2-360x240.jpg 360w\" sizes=\"(max-width: 675px) 100vw, 675px\" \/>No MHall durante o concurso Rainha dos Blocos, Fernando Luiz Baldioti, Cristina Baldioti , Lelei Faine e Edmar Brasil<\/p>\n<p style=\"text-align: center;\"><img decoding=\"async\" class=\" size-full wp-image-90708\" src=\"http:\/\/diarioregionaljf.com.br\/wp-content\/uploads\/2018\/01\/diario-int-23611-3.jpg\" alt=\"fotod.jpg\" width=\"680\" style=\"display: block; margin-left: auto; margin-right: auto;\" srcset=\"https:\/\/diarioregionaldigital.com.br\/wp-content\/uploads\/2018\/01\/diario-int-23611-3.jpg 680w, https:\/\/diarioregionaldigital.com.br\/wp-content\/uploads\/2018\/01\/diario-int-23611-3-300x199.jpg 300w, https:\/\/diarioregionaldigital.com.br\/wp-content\/uploads\/2018\/01\/diario-int-23611-3-360x238.jpg 360w\" sizes=\"(max-width: 680px) 100vw, 680px\" \/>Mulheres poderosas na danceteria Danke Club, Marcela Mattos, V\u00e2nia Salles e Isadora Woyanes<\/p>\n<p style=\"text-align: center;\"><img decoding=\"async\" class=\" size-full wp-image-90709\" src=\"http:\/\/diarioregionaljf.com.br\/wp-content\/uploads\/2018\/01\/diario-int-23611-4.jpg\" alt=\"fotoee.jpg\" width=\"680\" style=\"display: block; margin-left: auto; margin-right: auto;\" srcset=\"https:\/\/diarioregionaldigital.com.br\/wp-content\/uploads\/2018\/01\/diario-int-23611-4.jpg 680w, https:\/\/diarioregionaldigital.com.br\/wp-content\/uploads\/2018\/01\/diario-int-23611-4-300x199.jpg 300w, https:\/\/diarioregionaldigital.com.br\/wp-content\/uploads\/2018\/01\/diario-int-23611-4-360x238.jpg 360w\" sizes=\"(max-width: 680px) 100vw, 680px\" \/>No Bloc\u00e3o JF, Mirian Neder e Erika Romano<\/p>\n<p style=\"text-align: center;\"><img decoding=\"async\" class=\" size-full wp-image-90710\" src=\"http:\/\/diarioregionaljf.com.br\/wp-content\/uploads\/2018\/01\/diario-int-23611-5.jpg\" alt=\"fotoh.jpg\" width=\"680\" style=\"display: block; margin-left: auto; margin-right: auto;\" srcset=\"https:\/\/diarioregionaldigital.com.br\/wp-content\/uploads\/2018\/01\/diario-int-23611-5.jpg 680w, https:\/\/diarioregionaldigital.com.br\/wp-content\/uploads\/2018\/01\/diario-int-23611-5-300x199.jpg 300w, https:\/\/diarioregionaldigital.com.br\/wp-content\/uploads\/2018\/01\/diario-int-23611-5-360x238.jpg 360w\" sizes=\"(max-width: 680px) 100vw, 680px\" \/>Mulheres chiqu\u00e9rrimas dando o tom no Poleiro do Galo, L\u00facia Abdalla, Lourdinha Batitucci e Ieda Ciampi<\/p>\n<p style=\"text-align: center;\"><img decoding=\"async\" class=\" size-full wp-image-90711\" src=\"http:\/\/diarioregionaljf.com.br\/wp-content\/uploads\/2018\/01\/diario-int-23611-6.jpg\" alt=\"fotoj.jpg\" width=\"680\" style=\"display: block; margin-left: auto; margin-right: auto;\" srcset=\"https:\/\/diarioregionaldigital.com.br\/wp-content\/uploads\/2018\/01\/diario-int-23611-6.jpg 680w, https:\/\/diarioregionaldigital.com.br\/wp-content\/uploads\/2018\/01\/diario-int-23611-6-300x221.jpg 300w, https:\/\/diarioregionaldigital.com.br\/wp-content\/uploads\/2018\/01\/diario-int-23611-6-360x265.jpg 360w\" sizes=\"(max-width: 680px) 100vw, 680px\" \/>O jovem Jean Lucas Gon\u00e7alves, em close especial para esta coluna. Ele \u00e9 aposta da nova gera\u00e7\u00e3o para eventos badalados em Juiz de Fora<\/p>\n<p style=\"text-align: center;\"><img decoding=\"async\" class=\" size-full wp-image-90712\" src=\"http:\/\/diarioregionaljf.com.br\/wp-content\/uploads\/2018\/01\/diario-int-23611-7.jpg\" alt=\"fotoaa.jpg\" width=\"680\" style=\"display: block; margin-left: auto; margin-right: auto;\" srcset=\"https:\/\/diarioregionaldigital.com.br\/wp-content\/uploads\/2018\/01\/diario-int-23611-7.jpg 680w, https:\/\/diarioregionaldigital.com.br\/wp-content\/uploads\/2018\/01\/diario-int-23611-7-300x169.jpg 300w, https:\/\/diarioregionaldigital.com.br\/wp-content\/uploads\/2018\/01\/diario-int-23611-7-360x203.jpg 360w\" sizes=\"(max-width: 680px) 100vw, 680px\" \/>No bomb\u00e1stico Bloco Nega Maria no Bar do L\u00e9o, a anfitri\u00e3 Sandra Portella ladeada de seu f\u00e3n clube com Beto Souza, Eduardo Gomes, Marcio Marques e Marcos Trajano<\/p>\n<p style=\"text-align: center;\"><img decoding=\"async\" class=\" size-full wp-image-90713\" src=\"http:\/\/diarioregionaljf.com.br\/wp-content\/uploads\/2018\/01\/diario-int-23611-8.jpg\" alt=\"fotobb.jpg\" width=\"680\" style=\"display: block; margin-left: auto; margin-right: auto;\" srcset=\"https:\/\/diarioregionaldigital.com.br\/wp-content\/uploads\/2018\/01\/diario-int-23611-8.jpg 680w, https:\/\/diarioregionaldigital.com.br\/wp-content\/uploads\/2018\/01\/diario-int-23611-8-300x169.jpg 300w, https:\/\/diarioregionaldigital.com.br\/wp-content\/uploads\/2018\/01\/diario-int-23611-8-360x203.jpg 360w\" sizes=\"(max-width: 680px) 100vw, 680px\" \/>No eletrizante Blotec\u00e1rio no Teixeiras, o anfitri\u00e3o Marcelio Guilherme, a Rainha do Bloco Pituxa, Eduardo Gomes e Rodrigo Bering<\/p>\n<p style=\"text-align: center;\"><img decoding=\"async\" class=\" size-full wp-image-90714\" src=\"http:\/\/diarioregionaljf.com.br\/wp-content\/uploads\/2018\/01\/diario-int-23611-9.jpg\" alt=\"fotodd.jpg\" width=\"680\" style=\"display: block; margin-left: auto; margin-right: auto;\" srcset=\"https:\/\/diarioregionaldigital.com.br\/wp-content\/uploads\/2018\/01\/diario-int-23611-9.jpg 680w, https:\/\/diarioregionaldigital.com.br\/wp-content\/uploads\/2018\/01\/diario-int-23611-9-300x199.jpg 300w, https:\/\/diarioregionaldigital.com.br\/wp-content\/uploads\/2018\/01\/diario-int-23611-9-360x238.jpg 360w\" sizes=\"(max-width: 680px) 100vw, 680px\" \/>No MHall, as vencedoras: Rainha dos Blocos, Cristina Rabello (Bloco do Baton), Musa dos Blocos, Tassiane Agostinho (Bloco Pintinho de Ouro) e Melhor Fantasia Nyta Gonzaga (Bloco Dom\u00e9sticas de luxo)<\/p>\n<p class=\"h4\" style=\"text-align: center;\">FOTOSS\u00cdNTESE<\/p>\n<p>Com convite estrelado marca para hoje, 30, na Dommani, de 19h \u00e0s 23h, o coquetel de pr\u00e9-lan\u00e7amento da GPS-Constru\u00e7\u00f5es para o Versatile Studios.<\/p>\n<p>No domingo, 4, a partir das 16h, o Largo do Riachuelo vai ferver com o bloco Parangol\u00e9 Valvulado. A turma vai subir a Av. Get\u00falio Vargas e cair na Pra\u00e7a Ant\u00f4nio Carlos, cantando um frevo-enredo homenageando a Get\u00falio, rua Central da cidade.<\/p>\n<p>O casal Squel Porta-Bandeira e Leandro Vieira, carnavalesco da Esta\u00e7\u00e3o Primeira de Mangueira, promete surpresas de arrepiar no desfile de domingo da verde e rosa, na Marqu\u00eas de Sapuca\u00ed.<\/p>\n<p>Provando que puxou o pai Miguel Giovanini, o jovem juiz-forano Gabriel Giovanini conquistou o primeiro lugar na prova Rei da Montanha de Ciclismo, em S\u00e3o Roque (SP).<\/p>\n<p>A Funda\u00e7\u00e3o Hospitalar do Estado de Minas Gerais (FHEMIG) lan\u00e7ou chamamento p\u00fablico para contratar profissionais em regime tempor\u00e1rio.<\/p>\n<p>Pais e crian\u00e7as ficaram decepcionados ao chegar ao Parque da Lajinha e ver que balan\u00e7os e escorregadores foram tirados do parquinho. A Secretaria de Meio Ambiente da PJF informou que, depois de uma vistoria, foi tomada a decis\u00e3o para seguran\u00e7a das crian\u00e7as. Haver\u00e1 em breve processo de sele\u00e7\u00e3o p\u00fablica para aquisi\u00e7\u00e3o de novos equipamentos. T\u00e1 certo!<\/p>\n<p>A jornalista e escritora Daniela Arbex brilha novamente com o livro \u201cTodo dia a mesma noite\u201d.<\/p>\n<p>Embalados por sucessos musicais em todo o Brasil, o super show do Grupo Ra\u00e7a Negra chega ao Capit\u00f3lio no dia 24 de mar\u00e7o.<\/p>\n<p>Sempre inovando, a Cervejaria Barbante ampliou o complexo gastron\u00f4mico com a inaugura\u00e7\u00e3o de um caf\u00e9 trattoria.<\/p>\n<p>O administrador de empresas Roberto Nogueira Ferreira lan\u00e7ou, no Clube dos Trinta, seu livro \u201c250 &#8211; Fabula\u00e7\u00f5es de amor a Rio Pomba\u201d.<\/p>\n<p>Para encarar: Tudo na vida se sujeita a ciclos, a respira\u00e7\u00e3o, os relacionamentos, os estados de \u00e2nimo e o dinheiro tamb\u00e9m. Presta aten\u00e7\u00e3o e tenha um bom dia.<\/p>\n","protected":false},"excerpt":{"rendered":"<p>Anivers\u00e1rioFoi durante o show de Alcione no Green Hill a comemora\u00e7\u00e3o do anivers\u00e1rio do su\u00ed\u00e7o Charlie Tam ao lado da mulher Vera Alice Tam, que est\u00e3o de f\u00e9rias no Brasil. Na mesa animad\u00edssima com eles, Beto Souza, Lidiane Stambassi, Andreia Pereira e a filha Sarah Costa. Eles retornam para a Su\u00ed\u00e7a em 3 de fevereiro. [&hellip;]<\/p>\n","protected":false},"author":96,"featured_media":90705,"comment_status":"closed","ping_status":"closed","sticky":false,"template":"","format":"standard","meta":{"footnotes":""},"categories":[264],"tags":[],"class_list":["post-90715","post","type-post","status-publish","format-standard","has-post-thumbnail","hentry","category-eduardo-gomes"],"_links":{"self":[{"href":"https:\/\/diarioregionaldigital.com.br\/index.php?rest_route=\/wp\/v2\/posts\/90715","targetHints":{"allow":["GET"]}}],"collection":[{"href":"https:\/\/diarioregionaldigital.com.br\/index.php?rest_route=\/wp\/v2\/posts"}],"about":[{"href":"https:\/\/diarioregionaldigital.com.br\/index.php?rest_route=\/wp\/v2\/types\/post"}],"author":[{"embeddable":true,"href":"https:\/\/diarioregionaldigital.com.br\/index.php?rest_route=\/wp\/v2\/users\/96"}],"replies":[{"embeddable":true,"href":"https:\/\/diarioregionaldigital.com.br\/index.php?rest_route=%2Fwp%2Fv2%2Fcomments&post=90715"}],"version-history":[{"count":0,"href":"https:\/\/diarioregionaldigital.com.br\/index.php?rest_route=\/wp\/v2\/posts\/90715\/revisions"}],"wp:featuredmedia":[{"embeddable":true,"href":"https:\/\/diarioregionaldigital.com.br\/index.php?rest_route=\/wp\/v2\/media\/90705"}],"wp:attachment":[{"href":"https:\/\/diarioregionaldigital.com.br\/index.php?rest_route=%2Fwp%2Fv2%2Fmedia&parent=90715"}],"wp:term":[{"taxonomy":"category","embeddable":true,"href":"https:\/\/diarioregionaldigital.com.br\/index.php?rest_route=%2Fwp%2Fv2%2Fcategories&post=90715"},{"taxonomy":"post_tag","embeddable":true,"href":"https:\/\/diarioregionaldigital.com.br\/index.php?rest_route=%2Fwp%2Fv2%2Ftags&post=90715"}],"curies":[{"name":"wp","href":"https:\/\/api.w.org\/{rel}","templated":true}]}}