{"id":90702,"date":"2018-01-29T21:34:31","date_gmt":"2018-01-29T23:34:31","guid":{"rendered":"http:\/\/diarioregionaljf.com.br\/2018\/01\/29\/vendas-nos-supermercados-cresceram-1-25-no-ano-passado\/"},"modified":"2018-01-29T21:34:31","modified_gmt":"2018-01-29T23:34:31","slug":"vendas-nos-supermercados-cresceram-1-25-no-ano-passado","status":"publish","type":"post","link":"https:\/\/diarioregionaldigital.com.br\/?p=90702","title":{"rendered":"Vendas nos supermercados cresceram 1,25% no ano passado"},"content":{"rendered":"<p>As vendas nos supermercados cresceram 1,25% em 2017 em compara\u00e7\u00e3o ao registrado ao longo do ano anterior, segundo balan\u00e7o divulgado pela Associa\u00e7\u00e3o Brasileira de Supermercados (Abras). Em dezembro, a movimenta\u00e7\u00e3o do setor registrou alta de 2,55% em rela\u00e7\u00e3o ao mesmo m\u00eas de 2016.<\/p>\n<p>O resultado do faturamento ficou abaixo da proje\u00e7\u00e3o da entidade, que estimava uma eleva\u00e7\u00e3o de 1,5% no faturamento para o ano passado. No entanto, o setor enfrentou, segundo o presidente da Abras, Jo\u00e3o Sanzovo Neto, queda nos pre\u00e7os de diversos produtos al\u00e9m do esperado. \u201cFomos pegos de surpresa com o tamanho da defla\u00e7\u00e3o\u201d, enfatizou, ao apresentar os dados.<\/p>\n<p>No acumulado de janeiro a dezembro de 2017, a cesta b\u00e1sica de produtos teve queda de -7,05%, passando de R$ 483,10 para R$ 449,02. A retra\u00e7\u00e3o nos pre\u00e7os foi puxada, de acordo com a Abras, pelas commodities agr\u00edcolas.<\/p>\n<p>Para este ano, a entidade prev\u00ea crescimento de 3% para o setor. Na avalia\u00e7\u00e3o de Sanzovo, os indicadores dos \u00faltimos meses de 2017 j\u00e1 apontam nessa dire\u00e7\u00e3o. \u201cTem aumento da confian\u00e7a do consumidor, dos empres\u00e1rios, a volta dos investimentos e consequentemente a queda do desemprego\u201d, ressaltou.<\/p>\n<p>Com a melhora do cen\u00e1rio, o presidente da Abras acredita que os consumidores retornaram a h\u00e1bitos que tiveram que ser deixados de lado no per\u00edodo mais agudo da crise econ\u00f4mica. \u201cVoltar a consumir nas quantidades que consumia, voltar a comprar aquela marca que comprava.\u201d, exemplificou.<\/p>\n<p>Sanzovo disse ainda que acredita que os problemas pol\u00edticos est\u00e3o interferindo cada vez menos na economia. \u201cEu acredito que o \u00faltimo semestre do ano passado demostrou que a economia descolou da crise pol\u00edtica. Acho que vamos passar as elei\u00e7\u00f5es sem grandes turbul\u00eancias econ\u00f4micas. AS insittui\u00e7\u00f5es est\u00e3o funcionando. Em 2018 n\u00f3s vamos estar crescendo em um ritmo bom\u201d, destacou.<\/p>\n","protected":false},"excerpt":{"rendered":"<p>As vendas nos supermercados cresceram 1,25% em 2017 em compara\u00e7\u00e3o ao registrado ao longo do ano anterior, segundo balan\u00e7o divulgado pela Associa\u00e7\u00e3o Brasileira de Supermercados (Abras). Em dezembro, a movimenta\u00e7\u00e3o do setor registrou alta de 2,55% em rela\u00e7\u00e3o ao mesmo m\u00eas de 2016. O resultado do faturamento ficou abaixo da proje\u00e7\u00e3o da entidade, que estimava [&hellip;]<\/p>\n","protected":false},"author":96,"featured_media":90701,"comment_status":"closed","ping_status":"closed","sticky":false,"template":"","format":"standard","meta":{"footnotes":""},"categories":[261],"tags":[],"class_list":["post-90702","post","type-post","status-publish","format-standard","has-post-thumbnail","hentry","category-economia"],"_links":{"self":[{"href":"https:\/\/diarioregionaldigital.com.br\/index.php?rest_route=\/wp\/v2\/posts\/90702","targetHints":{"allow":["GET"]}}],"collection":[{"href":"https:\/\/diarioregionaldigital.com.br\/index.php?rest_route=\/wp\/v2\/posts"}],"about":[{"href":"https:\/\/diarioregionaldigital.com.br\/index.php?rest_route=\/wp\/v2\/types\/post"}],"author":[{"embeddable":true,"href":"https:\/\/diarioregionaldigital.com.br\/index.php?rest_route=\/wp\/v2\/users\/96"}],"replies":[{"embeddable":true,"href":"https:\/\/diarioregionaldigital.com.br\/index.php?rest_route=%2Fwp%2Fv2%2Fcomments&post=90702"}],"version-history":[{"count":0,"href":"https:\/\/diarioregionaldigital.com.br\/index.php?rest_route=\/wp\/v2\/posts\/90702\/revisions"}],"wp:featuredmedia":[{"embeddable":true,"href":"https:\/\/diarioregionaldigital.com.br\/index.php?rest_route=\/wp\/v2\/media\/90701"}],"wp:attachment":[{"href":"https:\/\/diarioregionaldigital.com.br\/index.php?rest_route=%2Fwp%2Fv2%2Fmedia&parent=90702"}],"wp:term":[{"taxonomy":"category","embeddable":true,"href":"https:\/\/diarioregionaldigital.com.br\/index.php?rest_route=%2Fwp%2Fv2%2Fcategories&post=90702"},{"taxonomy":"post_tag","embeddable":true,"href":"https:\/\/diarioregionaldigital.com.br\/index.php?rest_route=%2Fwp%2Fv2%2Ftags&post=90702"}],"curies":[{"name":"wp","href":"https:\/\/api.w.org\/{rel}","templated":true}]}}