{"id":90698,"date":"2018-01-29T21:31:05","date_gmt":"2018-01-29T23:31:05","guid":{"rendered":"http:\/\/diarioregionaljf.com.br\/2018\/01\/29\/goleiro-julio-cesar-esta-de-volta-ao-flamengo-por-tres-meses-e-vai-se-aposenta-no-clube\/"},"modified":"2018-01-29T21:31:05","modified_gmt":"2018-01-29T23:31:05","slug":"goleiro-julio-cesar-esta-de-volta-ao-flamengo-por-tres-meses-e-vai-se-aposenta-no-clube","status":"publish","type":"post","link":"https:\/\/diarioregionaldigital.com.br\/?p=90698","title":{"rendered":"Goleiro J\u00falio C\u00e9sar est\u00e1 de volta ao Flamengo por tr\u00eas meses e vai se aposenta no clube"},"content":{"rendered":"<p>O goleiro J\u00falio C\u00e9sar desembarcou no Rio de Janeiro na noite deste domingo, 28. Ele assinar\u00e1 contrato com o Flamengo nos pr\u00f3ximos dias. O v\u00ednculo ser\u00e1 v\u00e1lido, ao que tudo indica, at\u00e9 o meio do ano. Revelado na G\u00e1vea, J\u00falio quer e vai encerrar a carreira no clube do cora\u00e7\u00e3o.<\/p>\n<p>Em entrevista coletiva o goleiro disse que n\u00e3o poderia encerrar a carreira sem voltar ao Flamengo:<\/p>\n<p>\u201cGostaria de agradecer ao presidente e ao Rodrigo (Caetano) por abra\u00e7ar meu projeto de tr\u00eas meses. Coisa que pensei bastante ap\u00f3s minha rescis\u00e3o com o Benfica e ponderei muito se ia parar ou n\u00e3o. Mas, devido toda a minha hist\u00f3ria no futebol e nesse clube, vi com muitos bons olhos. Parentes e amigos diziam que eu n\u00e3o poderia encerrar a carreira sem essa p\u00e1gina da minha passagem pelo Flamengo,\u201d contou.<\/p>\n<p>O diretor executivo Rodrigo Caetano disse que a negocia\u00e7\u00e3o partiu do goleiro, que chega com sal\u00e1rio simb\u00f3lico e contrato de tr\u00eas meses.<\/p>\n<p>&nbsp;&#8220;Partiu dele esse desejo de voltar ao Flamengo por um prazo determinado. Quando come\u00e7ou a fazer o contato conosco, manifestou que na sua carreira faltaria realizar esse sonho&#8230; \u00c9 bom repatriar \u00eddolos em atividade. Vinha treinando e jogando no Benfica em alto n\u00edvel. \u00c9 o que a gente espera. J\u00e1 digo de antem\u00e3o que ele fez um contrato simb\u00f3lico, que prova e comprova a paix\u00e3o que ele tem pelo clube,&#8221; explicou Rodrigo.<\/p>\n<p>O goleiro, rescindiu contrato com o Benfica no fim de novembro, mas vinha mantendo a forma no clube portugu\u00eas. Portanto, ele chegar\u00e1 ao Rubro-Negro com condi\u00e7\u00f5es de jogo.<\/p>\n<p>J\u00falio C\u00e9sar disputou 284 partidas com a camisa do Flamengo entre 1997 e 2004. Conquistou t\u00edtulos importantes como a Copa Mercosul de 1999, a Copa dos Campe\u00f5es de 2001 e o tricampeonato carioca tamb\u00e9m em 2001.<\/p>\n","protected":false},"excerpt":{"rendered":"<p>O goleiro J\u00falio C\u00e9sar desembarcou no Rio de Janeiro na noite deste domingo, 28. Ele assinar\u00e1 contrato com o Flamengo nos pr\u00f3ximos dias. O v\u00ednculo ser\u00e1 v\u00e1lido, ao que tudo indica, at\u00e9 o meio do ano. Revelado na G\u00e1vea, J\u00falio quer e vai encerrar a carreira no clube do cora\u00e7\u00e3o. Em entrevista coletiva o goleiro [&hellip;]<\/p>\n","protected":false},"author":96,"featured_media":90697,"comment_status":"closed","ping_status":"closed","sticky":false,"template":"","format":"standard","meta":{"footnotes":""},"categories":[257],"tags":[],"class_list":["post-90698","post","type-post","status-publish","format-standard","has-post-thumbnail","hentry","category-esporte"],"_links":{"self":[{"href":"https:\/\/diarioregionaldigital.com.br\/index.php?rest_route=\/wp\/v2\/posts\/90698","targetHints":{"allow":["GET"]}}],"collection":[{"href":"https:\/\/diarioregionaldigital.com.br\/index.php?rest_route=\/wp\/v2\/posts"}],"about":[{"href":"https:\/\/diarioregionaldigital.com.br\/index.php?rest_route=\/wp\/v2\/types\/post"}],"author":[{"embeddable":true,"href":"https:\/\/diarioregionaldigital.com.br\/index.php?rest_route=\/wp\/v2\/users\/96"}],"replies":[{"embeddable":true,"href":"https:\/\/diarioregionaldigital.com.br\/index.php?rest_route=%2Fwp%2Fv2%2Fcomments&post=90698"}],"version-history":[{"count":0,"href":"https:\/\/diarioregionaldigital.com.br\/index.php?rest_route=\/wp\/v2\/posts\/90698\/revisions"}],"wp:featuredmedia":[{"embeddable":true,"href":"https:\/\/diarioregionaldigital.com.br\/index.php?rest_route=\/wp\/v2\/media\/90697"}],"wp:attachment":[{"href":"https:\/\/diarioregionaldigital.com.br\/index.php?rest_route=%2Fwp%2Fv2%2Fmedia&parent=90698"}],"wp:term":[{"taxonomy":"category","embeddable":true,"href":"https:\/\/diarioregionaldigital.com.br\/index.php?rest_route=%2Fwp%2Fv2%2Fcategories&post=90698"},{"taxonomy":"post_tag","embeddable":true,"href":"https:\/\/diarioregionaldigital.com.br\/index.php?rest_route=%2Fwp%2Fv2%2Ftags&post=90698"}],"curies":[{"name":"wp","href":"https:\/\/api.w.org\/{rel}","templated":true}]}}