{"id":90690,"date":"2018-01-29T21:07:38","date_gmt":"2018-01-29T23:07:38","guid":{"rendered":"http:\/\/diarioregionaljf.com.br\/2018\/01\/29\/praca-ceu-retoma-oficinas-regulares-e-tem-vagas-disponiveis\/"},"modified":"2018-01-29T21:07:38","modified_gmt":"2018-01-29T23:07:38","slug":"praca-ceu-retoma-oficinas-regulares-e-tem-vagas-disponiveis","status":"publish","type":"post","link":"https:\/\/diarioregionaldigital.com.br\/?p=90690","title":{"rendered":"Pra\u00e7a CEU retoma oficinas regulares e tem vagas dispon\u00edveis"},"content":{"rendered":"<p>O Centro de Artes e Esportes Unificados Coronel \u201cAdemir Romualdo de Oliveira\u201d (Pra\u00e7a CEU\/Zona Norte) retoma as oficinas culturais e esportivas regulares nesta segunda-feira, 29. Est\u00e3o sendo aceitas inscri\u00e7\u00f5es para vagas ociosas nas turmas de flauta, capoeira e dan\u00e7as urbanas. Tamb\u00e9m \u00e9 poss\u00edvel ser inclu\u00eddo na lista de espera para outras oficinas. \u201cNesse in\u00edcio das aulas, estamos reformulando as turmas e sempre aparecem vagas remanescentes. \u00c9 importante que os alunos fiquem ligados no retorno. para que n\u00e3o percam suas vagas,\u201d alerta o diretor de Cultura do equipamento urbano, Andr\u00e9 Noronha.<\/p>\n<p> Os interessados podem se dirigir \u00e0 secretaria da unidade (Avenida Juscelino Kubitschek, 5.899, Benfica) ou solicitar informa\u00e7\u00f5es pelo telefone 3218-1020. No ato da inscri\u00e7\u00e3o, \u00e9 necess\u00e1rio apresentar documento de identifica\u00e7\u00e3o. No caso de pessoas com idade inferior a 18 anos, o respons\u00e1vel tamb\u00e9m deve estar presente e portar documento.<\/p>\n<p> A Pra\u00e7a CEU atende 1.260 alunos de todas as faixas et\u00e1rias. S\u00e3o 13 modalidades de oficina: artesanato, teatro, viol\u00e3o, flauta, bal\u00e9, jazz, dan\u00e7as urbanas, capoeira, futsal, basquete, gin\u00e1stica, caminhada orientada e alongamento. As atividades acontecem de segunda a sexta-feira, das 7 \u00e0s 22 horas. J\u00e1 nos finais de semana, o espa\u00e7o oferece atividades recreativas e culturais, vari\u00e1veis conforme a agenda.<\/p>\n<p> A Pra\u00e7a CEU \u00e9 uma parceria entre a Prefeitura de Juiz de Fora (PJF) e o Governo federal. A gest\u00e3o do espa\u00e7o \u00e9 compartilhada pela Funda\u00e7\u00e3o Cultural \u201cAlfredo Ferreira Lage\u201d (Funalfa) e pela Organiza\u00e7\u00e3o Social Associa\u00e7\u00e3o Cultural Arte e Vida (Acav), com participa\u00e7\u00e3o direta da comunidade.<\/p>\n<p><strong>Fonte: Assessoria de Comunica\u00e7\u00e3o\/PJF<\/strong><\/p>\n","protected":false},"excerpt":{"rendered":"<p>O Centro de Artes e Esportes Unificados Coronel \u201cAdemir Romualdo de Oliveira\u201d (Pra\u00e7a CEU\/Zona Norte) retoma as oficinas culturais e esportivas regulares nesta segunda-feira, 29. Est\u00e3o sendo aceitas inscri\u00e7\u00f5es para vagas ociosas nas turmas de flauta, capoeira e dan\u00e7as urbanas. Tamb\u00e9m \u00e9 poss\u00edvel ser inclu\u00eddo na lista de espera para outras oficinas. \u201cNesse in\u00edcio das [&hellip;]<\/p>\n","protected":false},"author":96,"featured_media":90689,"comment_status":"closed","ping_status":"closed","sticky":false,"template":"","format":"standard","meta":{"footnotes":""},"categories":[257],"tags":[],"class_list":["post-90690","post","type-post","status-publish","format-standard","has-post-thumbnail","hentry","category-esporte"],"_links":{"self":[{"href":"https:\/\/diarioregionaldigital.com.br\/index.php?rest_route=\/wp\/v2\/posts\/90690","targetHints":{"allow":["GET"]}}],"collection":[{"href":"https:\/\/diarioregionaldigital.com.br\/index.php?rest_route=\/wp\/v2\/posts"}],"about":[{"href":"https:\/\/diarioregionaldigital.com.br\/index.php?rest_route=\/wp\/v2\/types\/post"}],"author":[{"embeddable":true,"href":"https:\/\/diarioregionaldigital.com.br\/index.php?rest_route=\/wp\/v2\/users\/96"}],"replies":[{"embeddable":true,"href":"https:\/\/diarioregionaldigital.com.br\/index.php?rest_route=%2Fwp%2Fv2%2Fcomments&post=90690"}],"version-history":[{"count":0,"href":"https:\/\/diarioregionaldigital.com.br\/index.php?rest_route=\/wp\/v2\/posts\/90690\/revisions"}],"wp:featuredmedia":[{"embeddable":true,"href":"https:\/\/diarioregionaldigital.com.br\/index.php?rest_route=\/wp\/v2\/media\/90689"}],"wp:attachment":[{"href":"https:\/\/diarioregionaldigital.com.br\/index.php?rest_route=%2Fwp%2Fv2%2Fmedia&parent=90690"}],"wp:term":[{"taxonomy":"category","embeddable":true,"href":"https:\/\/diarioregionaldigital.com.br\/index.php?rest_route=%2Fwp%2Fv2%2Fcategories&post=90690"},{"taxonomy":"post_tag","embeddable":true,"href":"https:\/\/diarioregionaldigital.com.br\/index.php?rest_route=%2Fwp%2Fv2%2Ftags&post=90690"}],"curies":[{"name":"wp","href":"https:\/\/api.w.org\/{rel}","templated":true}]}}