{"id":90688,"date":"2018-01-29T21:02:13","date_gmt":"2018-01-29T23:02:13","guid":{"rendered":"http:\/\/diarioregionaljf.com.br\/2018\/01\/29\/liga-de-futebol-amador-de-juiz-de-fora-abre-inscricoes-para-competicao-de-base\/"},"modified":"2018-01-29T21:02:13","modified_gmt":"2018-01-29T23:02:13","slug":"liga-de-futebol-amador-de-juiz-de-fora-abre-inscricoes-para-competicao-de-base","status":"publish","type":"post","link":"https:\/\/diarioregionaldigital.com.br\/?p=90688","title":{"rendered":"Liga de Futebol Amador de Juiz de Fora abre inscri\u00e7\u00f5es para competi\u00e7\u00e3o de base"},"content":{"rendered":"<p>Est\u00e3o abertas as inscri\u00e7\u00f5es para a Liga 2018, a competi\u00e7\u00e3o oficial das categorias de base promovida pela Liga de Futebol de Juiz de Fora.<\/p>\n<p>A bola vai rolar no m\u00eas de Mar\u00e7o e termina no m\u00eas de Junho. Mais uma vez a competi\u00e7\u00e3o ter\u00e1 al\u00e9m da categoria iniciante, as divis\u00f5es de dente de leite, mirim, infantil, juvenil e sub-20.<\/p>\n<p>Os representantes das equipes interessadas na disputa podem retirar as fichas na sede da Liga de Futebol, no Cesporte, em Santa Terezinha \u2013 sala 02 ou nos campos parceiros, a sala da Liga de Futebol no Cesporte, em Santa Terezinha, sede da Secretaria de Esporte e Lazer. O prazo para devolu\u00e7\u00e3o das fichas preenchidas \u00e9 20 de fevereiro.<\/p>\n","protected":false},"excerpt":{"rendered":"<p>Est\u00e3o abertas as inscri\u00e7\u00f5es para a Liga 2018, a competi\u00e7\u00e3o oficial das categorias de base promovida pela Liga de Futebol de Juiz de Fora. A bola vai rolar no m\u00eas de Mar\u00e7o e termina no m\u00eas de Junho. Mais uma vez a competi\u00e7\u00e3o ter\u00e1 al\u00e9m da categoria iniciante, as divis\u00f5es de dente de leite, mirim, [&hellip;]<\/p>\n","protected":false},"author":96,"featured_media":90687,"comment_status":"closed","ping_status":"closed","sticky":false,"template":"","format":"standard","meta":{"footnotes":""},"categories":[257],"tags":[],"class_list":["post-90688","post","type-post","status-publish","format-standard","has-post-thumbnail","hentry","category-esporte"],"_links":{"self":[{"href":"https:\/\/diarioregionaldigital.com.br\/index.php?rest_route=\/wp\/v2\/posts\/90688","targetHints":{"allow":["GET"]}}],"collection":[{"href":"https:\/\/diarioregionaldigital.com.br\/index.php?rest_route=\/wp\/v2\/posts"}],"about":[{"href":"https:\/\/diarioregionaldigital.com.br\/index.php?rest_route=\/wp\/v2\/types\/post"}],"author":[{"embeddable":true,"href":"https:\/\/diarioregionaldigital.com.br\/index.php?rest_route=\/wp\/v2\/users\/96"}],"replies":[{"embeddable":true,"href":"https:\/\/diarioregionaldigital.com.br\/index.php?rest_route=%2Fwp%2Fv2%2Fcomments&post=90688"}],"version-history":[{"count":0,"href":"https:\/\/diarioregionaldigital.com.br\/index.php?rest_route=\/wp\/v2\/posts\/90688\/revisions"}],"wp:featuredmedia":[{"embeddable":true,"href":"https:\/\/diarioregionaldigital.com.br\/index.php?rest_route=\/wp\/v2\/media\/90687"}],"wp:attachment":[{"href":"https:\/\/diarioregionaldigital.com.br\/index.php?rest_route=%2Fwp%2Fv2%2Fmedia&parent=90688"}],"wp:term":[{"taxonomy":"category","embeddable":true,"href":"https:\/\/diarioregionaldigital.com.br\/index.php?rest_route=%2Fwp%2Fv2%2Fcategories&post=90688"},{"taxonomy":"post_tag","embeddable":true,"href":"https:\/\/diarioregionaldigital.com.br\/index.php?rest_route=%2Fwp%2Fv2%2Ftags&post=90688"}],"curies":[{"name":"wp","href":"https:\/\/api.w.org\/{rel}","templated":true}]}}