{"id":90686,"date":"2018-01-29T20:59:16","date_gmt":"2018-01-29T22:59:16","guid":{"rendered":"http:\/\/diarioregionaljf.com.br\/2018\/01\/29\/tupi-vence-a-primeira-partida-no-campeonato-mineiro\/"},"modified":"2018-01-29T20:59:16","modified_gmt":"2018-01-29T22:59:16","slug":"tupi-vence-a-primeira-partida-no-campeonato-mineiro","status":"publish","type":"post","link":"https:\/\/diarioregionaldigital.com.br\/?p=90686","title":{"rendered":"Tupi vence a primeira partida no Campeonato Mineiro"},"content":{"rendered":"<p>O Galo Carij\u00f3 enfim desencantou no Campeonato Mineiro de 2018. No in\u00edcio da noite deste domingo, 28, em duelo marcado pelas estreias dos atacantes Vitinho e Renato Kayser, No M\u00e1rio Hel\u00eanio, em Juiz de Fora.<\/p>\n<p>O Tupi recebeu a Caldense como visitante. Vindo de um resultado negativo na \u00faltima rodada, o Galo Carij\u00f3 fez o dever de casa e venceu a Veterana por 2 a 1. Gols somente no segundo tempo. Aos quatro minutos, Rodrigo Dias abriu o placar para a equipe da Zona da Mata, e, dois minutos mais tarde, Renato Kayser dobrou a vantagem dos mandantes. Wellington, aos 38, marcou contra o \u00fanico gol do time de Po\u00e7os de Caldas na partida.<\/p>\n<p>Ap\u00f3s um primeiro tempo sem criatividade, o time tinha pela frente 45 minutos para superar a Caldense e conquistar a primeira vit\u00f3ria no Campeonato Mineiro. E coube a dois estreantes finalmente darem alegria ao torcedor no M\u00e1rio Hel\u00eanio.<\/p>\n<p>Apesar da vit\u00f3ria, o Tupi segue na lanterna do Estadual, agora com tr\u00eas pontos e mais perto se sair da \u00faltima posi\u00e7\u00e3o. O pr\u00f3ximo jogo \u00e9 no domingo, \u00e0s 16h, contra o Villa Nova-MG, em Nova Lima.<\/p>\n<p>Mesmo com a vit\u00f3ria, o Tupi, que vinha de tr\u00eas derrotas, continua na lanterna, com tr\u00eas pontos ganhos, atr\u00e1s de Villa Nova e Democrata-GV nos crit\u00e9rios de desempate. A Caldense, com os mesmos cinco pontos, caiu tr\u00eas posi\u00e7\u00f5es e est\u00e1 em s\u00e9timo lugar.<\/p>\n<p>Na pr\u00f3xima rodada, o Tupi-MG vai a Nova Lima enfrentar o Villa Nova, enquanto a Caldense enfrenta o Boa Esporte.<\/p>\n<p><strong>Ficou emocionado<\/strong><\/p>\n<p>Renato Kayser em coletiva ap\u00f3s a partida se emocionou e desabafou: \u201cAlgumas pessoas vinham falando para mim que eu n\u00e3o conseguiria porque n\u00e3o tive tanta oportunidade no Vasco. Venho carregando isso comigo toda manh\u00e3, quando levanto e olho para meu filho e minha esposa, tento tirar de motiva\u00e7\u00e3o. Quero agradecer \u00e0 minha fam\u00edlia, que nunca desistiu de mim, que todos os dias olhava para mim e via meu rosto de derrotado, desacreditado. Estou muito feliz de estar aqui dentro do Tupi, agrade\u00e7o por terem aberto as portas para mim e, se Deus quiser, quero crescer aqui dentro e mostrar que o guerreiro Kayser ainda existe,\u201ddisse emocionado.<\/p>\n","protected":false},"excerpt":{"rendered":"<p>O Galo Carij\u00f3 enfim desencantou no Campeonato Mineiro de 2018. No in\u00edcio da noite deste domingo, 28, em duelo marcado pelas estreias dos atacantes Vitinho e Renato Kayser, No M\u00e1rio Hel\u00eanio, em Juiz de Fora. O Tupi recebeu a Caldense como visitante. Vindo de um resultado negativo na \u00faltima rodada, o Galo Carij\u00f3 fez o [&hellip;]<\/p>\n","protected":false},"author":96,"featured_media":90685,"comment_status":"closed","ping_status":"closed","sticky":false,"template":"","format":"standard","meta":{"footnotes":""},"categories":[257],"tags":[],"class_list":["post-90686","post","type-post","status-publish","format-standard","has-post-thumbnail","hentry","category-esporte"],"_links":{"self":[{"href":"https:\/\/diarioregionaldigital.com.br\/index.php?rest_route=\/wp\/v2\/posts\/90686","targetHints":{"allow":["GET"]}}],"collection":[{"href":"https:\/\/diarioregionaldigital.com.br\/index.php?rest_route=\/wp\/v2\/posts"}],"about":[{"href":"https:\/\/diarioregionaldigital.com.br\/index.php?rest_route=\/wp\/v2\/types\/post"}],"author":[{"embeddable":true,"href":"https:\/\/diarioregionaldigital.com.br\/index.php?rest_route=\/wp\/v2\/users\/96"}],"replies":[{"embeddable":true,"href":"https:\/\/diarioregionaldigital.com.br\/index.php?rest_route=%2Fwp%2Fv2%2Fcomments&post=90686"}],"version-history":[{"count":0,"href":"https:\/\/diarioregionaldigital.com.br\/index.php?rest_route=\/wp\/v2\/posts\/90686\/revisions"}],"wp:featuredmedia":[{"embeddable":true,"href":"https:\/\/diarioregionaldigital.com.br\/index.php?rest_route=\/wp\/v2\/media\/90685"}],"wp:attachment":[{"href":"https:\/\/diarioregionaldigital.com.br\/index.php?rest_route=%2Fwp%2Fv2%2Fmedia&parent=90686"}],"wp:term":[{"taxonomy":"category","embeddable":true,"href":"https:\/\/diarioregionaldigital.com.br\/index.php?rest_route=%2Fwp%2Fv2%2Fcategories&post=90686"},{"taxonomy":"post_tag","embeddable":true,"href":"https:\/\/diarioregionaldigital.com.br\/index.php?rest_route=%2Fwp%2Fv2%2Ftags&post=90686"}],"curies":[{"name":"wp","href":"https:\/\/api.w.org\/{rel}","templated":true}]}}