{"id":90684,"date":"2018-01-29T19:45:53","date_gmt":"2018-01-29T21:45:53","guid":{"rendered":"http:\/\/diarioregionaljf.com.br\/2018\/01\/29\/pec-torna-crime-imprescritivel-queimar-onibus-e-atrapalhar-a-ordem-publica\/"},"modified":"2018-01-29T19:45:53","modified_gmt":"2018-01-29T21:45:53","slug":"pec-torna-crime-imprescritivel-queimar-onibus-e-atrapalhar-a-ordem-publica","status":"publish","type":"post","link":"https:\/\/diarioregionaldigital.com.br\/?p=90684","title":{"rendered":"PEC torna crime imprescrit\u00edvel queimar \u00f4nibus e atrapalhar a ordem p\u00fablica"},"content":{"rendered":"<p>A C\u00e2mara dos Deputados analisa Proposta de Emenda \u00e0 Constitui\u00e7\u00e3o (PEC 384\/17) que torna inafian\u00e7\u00e1vel e imprescrit\u00edvel a pr\u00e1tica do crime de queima de \u00f4nibus e de atrapalhar a ordem p\u00fablica.<\/p>\n<p>A PEC foi apresentada pelo deputado Heuler Cruvinel (PSD-GO) e prev\u00ea pena de reclus\u00e3o para o crime. \u201c\u00c9 necess\u00e1rio que a nossa Constitui\u00e7\u00e3o declare esse crime imprescrit\u00edvel, como o fez com o crime de racismo\u201d, disse o parlamentar.<\/p>\n<p>\u201cS\u00f3 assim teremos a garantia de que os criminosos ser\u00e3o efetivamente punidos, que a justi\u00e7a ser\u00e1 feita e de que chegaremos um dia \u00e0 diminui\u00e7\u00e3o da pr\u00e1tica dessa viol\u00eancia t\u00e3o abjeta\u201d, completou.<\/p>\n<p>&nbsp;<\/p>\n<h4>TRAMITA\u00c7\u00c3O<\/h4>\n<p>A admissibilidade da PEC ser\u00e1 analisada pela Comiss\u00e3o de Constitui\u00e7\u00e3o e Justi\u00e7a e de Cidadania. Caso seja aprovada, a proposta ser\u00e1 analisada por comiss\u00e3o especial constitu\u00edda especificamente para esse fim. Em seguida, ser\u00e1 votada em dois turnos pelo Plen\u00e1rio.<\/p>\n<p>Fonte: Ag\u00eancia C\u00e2mara Not\u00edcias<\/p>\n","protected":false},"excerpt":{"rendered":"<p>A C\u00e2mara dos Deputados analisa Proposta de Emenda \u00e0 Constitui\u00e7\u00e3o (PEC 384\/17) que torna inafian\u00e7\u00e1vel e imprescrit\u00edvel a pr\u00e1tica do crime de queima de \u00f4nibus e de atrapalhar a ordem p\u00fablica. A PEC foi apresentada pelo deputado Heuler Cruvinel (PSD-GO) e prev\u00ea pena de reclus\u00e3o para o crime. \u201c\u00c9 necess\u00e1rio que a nossa Constitui\u00e7\u00e3o declare [&hellip;]<\/p>\n","protected":false},"author":96,"featured_media":90683,"comment_status":"closed","ping_status":"closed","sticky":false,"template":"","format":"standard","meta":{"footnotes":""},"categories":[254],"tags":[],"class_list":["post-90684","post","type-post","status-publish","format-standard","has-post-thumbnail","hentry","category-politica"],"_links":{"self":[{"href":"https:\/\/diarioregionaldigital.com.br\/index.php?rest_route=\/wp\/v2\/posts\/90684","targetHints":{"allow":["GET"]}}],"collection":[{"href":"https:\/\/diarioregionaldigital.com.br\/index.php?rest_route=\/wp\/v2\/posts"}],"about":[{"href":"https:\/\/diarioregionaldigital.com.br\/index.php?rest_route=\/wp\/v2\/types\/post"}],"author":[{"embeddable":true,"href":"https:\/\/diarioregionaldigital.com.br\/index.php?rest_route=\/wp\/v2\/users\/96"}],"replies":[{"embeddable":true,"href":"https:\/\/diarioregionaldigital.com.br\/index.php?rest_route=%2Fwp%2Fv2%2Fcomments&post=90684"}],"version-history":[{"count":0,"href":"https:\/\/diarioregionaldigital.com.br\/index.php?rest_route=\/wp\/v2\/posts\/90684\/revisions"}],"wp:featuredmedia":[{"embeddable":true,"href":"https:\/\/diarioregionaldigital.com.br\/index.php?rest_route=\/wp\/v2\/media\/90683"}],"wp:attachment":[{"href":"https:\/\/diarioregionaldigital.com.br\/index.php?rest_route=%2Fwp%2Fv2%2Fmedia&parent=90684"}],"wp:term":[{"taxonomy":"category","embeddable":true,"href":"https:\/\/diarioregionaldigital.com.br\/index.php?rest_route=%2Fwp%2Fv2%2Fcategories&post=90684"},{"taxonomy":"post_tag","embeddable":true,"href":"https:\/\/diarioregionaldigital.com.br\/index.php?rest_route=%2Fwp%2Fv2%2Ftags&post=90684"}],"curies":[{"name":"wp","href":"https:\/\/api.w.org\/{rel}","templated":true}]}}