{"id":90680,"date":"2018-01-29T19:35:35","date_gmt":"2018-01-29T21:35:35","guid":{"rendered":"http:\/\/diarioregionaljf.com.br\/2018\/01\/29\/reajustes-de-planos-de-saude-podem-ficar-sujeitos-a-autorizacao-da-ans\/"},"modified":"2018-01-29T19:35:35","modified_gmt":"2018-01-29T21:35:35","slug":"reajustes-de-planos-de-saude-podem-ficar-sujeitos-a-autorizacao-da-ans","status":"publish","type":"post","link":"https:\/\/diarioregionaldigital.com.br\/?p=90680","title":{"rendered":"Reajustes de planos de sa\u00fade podem ficar sujeitos a autoriza\u00e7\u00e3o da ANS"},"content":{"rendered":"<p>O Projeto de Lei do Senado (PLS) 100\/2015 determina que os reajustes dos planos de sa\u00fade coletivos, individuais ou familiares dependam de pr\u00e9via autoriza\u00e7\u00e3o da Ag\u00eancia Nacional de Sa\u00fade Suplementar (ANS), dentro do \u00edndice m\u00e1ximo de reajuste estabelecido pela pr\u00f3pria ag\u00eancia.<\/p>\n<p>A proposta, de autoria do senador C\u00e1ssio Cunha Lima (PSDB-PB), altera a lei que instituiu a ANS, com objetivo de garantir aos usu\u00e1rios dos planos maior prote\u00e7\u00e3o contra reajustes abusivos. A ag\u00eancia j\u00e1 estipula limites para contratos individuais, mas n\u00e3o o faz para os chamados plenos coletivos, como forma de promover maior possibilidade de barganha entre empresas e funcion\u00e1rios ao contratar determinado plano.<\/p>\n<p>O relator do projeto na Comiss\u00e3o de Assuntos Sociais (CAS), senador Airton Sandoval (PMDB-SP), apresentou um substitutivo ao projeto. Para ele, ao mudar a lei que rege a ANS, o Congresso estaria extrapolando sua compet\u00eancia e legislando sobre mat\u00e9ria exclusiva do Poder Executivo. Sandoval, ent\u00e3o, prop\u00f5e a altera\u00e7\u00e3o espec\u00edfica sobre as regras de plano de sa\u00fade, e n\u00e3o a lei que rege a ANS.<\/p>\n<p>Al\u00e9m disso, o relator estipula um prazo maior para que as prestadoras de servi\u00e7o de planos de sa\u00fade possam se adequar \u00e0s novas regras. A ideia \u00e9 permitir que o \u00edndice de reajuste m\u00e1ximo possa ser definido de acordo com a modalidade do contrato, com o porte da operadora e com o n\u00famero de benefici\u00e1rios, o que certamente ir\u00e1 proteger os pequenos contratantes sem prejudicar o poder de negocia\u00e7\u00e3o dos grandes.<\/p>\n<p>Fonte: Ag\u00eancia Senado<\/p>\n","protected":false},"excerpt":{"rendered":"<p>O Projeto de Lei do Senado (PLS) 100\/2015 determina que os reajustes dos planos de sa\u00fade coletivos, individuais ou familiares dependam de pr\u00e9via autoriza\u00e7\u00e3o da Ag\u00eancia Nacional de Sa\u00fade Suplementar (ANS), dentro do \u00edndice m\u00e1ximo de reajuste estabelecido pela pr\u00f3pria ag\u00eancia. A proposta, de autoria do senador C\u00e1ssio Cunha Lima (PSDB-PB), altera a lei que [&hellip;]<\/p>\n","protected":false},"author":96,"featured_media":90679,"comment_status":"closed","ping_status":"closed","sticky":false,"template":"","format":"standard","meta":{"footnotes":""},"categories":[254],"tags":[],"class_list":["post-90680","post","type-post","status-publish","format-standard","has-post-thumbnail","hentry","category-politica"],"_links":{"self":[{"href":"https:\/\/diarioregionaldigital.com.br\/index.php?rest_route=\/wp\/v2\/posts\/90680","targetHints":{"allow":["GET"]}}],"collection":[{"href":"https:\/\/diarioregionaldigital.com.br\/index.php?rest_route=\/wp\/v2\/posts"}],"about":[{"href":"https:\/\/diarioregionaldigital.com.br\/index.php?rest_route=\/wp\/v2\/types\/post"}],"author":[{"embeddable":true,"href":"https:\/\/diarioregionaldigital.com.br\/index.php?rest_route=\/wp\/v2\/users\/96"}],"replies":[{"embeddable":true,"href":"https:\/\/diarioregionaldigital.com.br\/index.php?rest_route=%2Fwp%2Fv2%2Fcomments&post=90680"}],"version-history":[{"count":0,"href":"https:\/\/diarioregionaldigital.com.br\/index.php?rest_route=\/wp\/v2\/posts\/90680\/revisions"}],"wp:featuredmedia":[{"embeddable":true,"href":"https:\/\/diarioregionaldigital.com.br\/index.php?rest_route=\/wp\/v2\/media\/90679"}],"wp:attachment":[{"href":"https:\/\/diarioregionaldigital.com.br\/index.php?rest_route=%2Fwp%2Fv2%2Fmedia&parent=90680"}],"wp:term":[{"taxonomy":"category","embeddable":true,"href":"https:\/\/diarioregionaldigital.com.br\/index.php?rest_route=%2Fwp%2Fv2%2Fcategories&post=90680"},{"taxonomy":"post_tag","embeddable":true,"href":"https:\/\/diarioregionaldigital.com.br\/index.php?rest_route=%2Fwp%2Fv2%2Ftags&post=90680"}],"curies":[{"name":"wp","href":"https:\/\/api.w.org\/{rel}","templated":true}]}}