{"id":90678,"date":"2018-01-29T19:32:46","date_gmt":"2018-01-29T21:32:46","guid":{"rendered":"http:\/\/diarioregionaljf.com.br\/2018\/01\/29\/ufjf-abre-inscricoes-para-selecao-de-professor-substituto\/"},"modified":"2018-01-29T19:32:46","modified_gmt":"2018-01-29T21:32:46","slug":"ufjf-abre-inscricoes-para-selecao-de-professor-substituto","status":"publish","type":"post","link":"https:\/\/diarioregionaldigital.com.br\/?p=90678","title":{"rendered":"UFJF abre inscri\u00e7\u00f5es para sele\u00e7\u00e3o de professor substituto"},"content":{"rendered":"<p>Est\u00e3o abertas, at\u00e9 a pr\u00f3xima sexta-feira, 2 de fevereiro, inscri\u00e7\u00f5es para sele\u00e7\u00e3o de professor substituto para a Universidade Federal de Juiz de Fora (UFJF). S\u00e3o oferecidas tr\u00eas vagas, nos dois campi da institui\u00e7\u00e3o. Os interessados devem se inscrever diretamente nas secretarias das unidades acad\u00eamicas \u00e0s quais cada departamento \u00e9 vinculado, das 9h \u00e0s 12h e das 13h \u00e0s 16h. N\u00e3o ser\u00e1 cobrada taxa de inscri\u00e7\u00e3o. As provas da sele\u00e7\u00e3o ser\u00e3o aplicadas pelos departamentos a partir de 19 de fevereiro.<\/p>\n<p>Para o campus de Juiz de Fora, h\u00e1 vaga na Faculdade de Educa\u00e7\u00e3o F\u00edsica e Desportos (Faefid) e na Faculdade de Educa\u00e7\u00e3o (Faced). J\u00e1 para o campus avan\u00e7ado de Governador Valadares, a vaga \u00e9 para o Instituto de Ci\u00eancias Sociais Aplicadas, no Departamento de Economia.<\/p>\n<p>Confira aqui o <a href=\"http:\/\/www.ufjf.br\/concurso\/files\/2018\/01\/Edital-02.2018-sele%C3%A7%C3%A3o-substituto-retificado-pelo-Edital-03.2018.pdf\" target=\"_blank\" rel=\"noopener noreferrer\">edital<\/a>.<\/p>\n<p>&nbsp;<\/p>\n<p>Fonte: Assessoria<\/p>\n","protected":false},"excerpt":{"rendered":"<p>Est\u00e3o abertas, at\u00e9 a pr\u00f3xima sexta-feira, 2 de fevereiro, inscri\u00e7\u00f5es para sele\u00e7\u00e3o de professor substituto para a Universidade Federal de Juiz de Fora (UFJF). S\u00e3o oferecidas tr\u00eas vagas, nos dois campi da institui\u00e7\u00e3o. Os interessados devem se inscrever diretamente nas secretarias das unidades acad\u00eamicas \u00e0s quais cada departamento \u00e9 vinculado, das 9h \u00e0s 12h e [&hellip;]<\/p>\n","protected":false},"author":96,"featured_media":90677,"comment_status":"closed","ping_status":"closed","sticky":false,"template":"","format":"standard","meta":{"footnotes":""},"categories":[280],"tags":[],"class_list":["post-90678","post","type-post","status-publish","format-standard","has-post-thumbnail","hentry","category-concurso"],"_links":{"self":[{"href":"https:\/\/diarioregionaldigital.com.br\/index.php?rest_route=\/wp\/v2\/posts\/90678","targetHints":{"allow":["GET"]}}],"collection":[{"href":"https:\/\/diarioregionaldigital.com.br\/index.php?rest_route=\/wp\/v2\/posts"}],"about":[{"href":"https:\/\/diarioregionaldigital.com.br\/index.php?rest_route=\/wp\/v2\/types\/post"}],"author":[{"embeddable":true,"href":"https:\/\/diarioregionaldigital.com.br\/index.php?rest_route=\/wp\/v2\/users\/96"}],"replies":[{"embeddable":true,"href":"https:\/\/diarioregionaldigital.com.br\/index.php?rest_route=%2Fwp%2Fv2%2Fcomments&post=90678"}],"version-history":[{"count":0,"href":"https:\/\/diarioregionaldigital.com.br\/index.php?rest_route=\/wp\/v2\/posts\/90678\/revisions"}],"wp:featuredmedia":[{"embeddable":true,"href":"https:\/\/diarioregionaldigital.com.br\/index.php?rest_route=\/wp\/v2\/media\/90677"}],"wp:attachment":[{"href":"https:\/\/diarioregionaldigital.com.br\/index.php?rest_route=%2Fwp%2Fv2%2Fmedia&parent=90678"}],"wp:term":[{"taxonomy":"category","embeddable":true,"href":"https:\/\/diarioregionaldigital.com.br\/index.php?rest_route=%2Fwp%2Fv2%2Fcategories&post=90678"},{"taxonomy":"post_tag","embeddable":true,"href":"https:\/\/diarioregionaldigital.com.br\/index.php?rest_route=%2Fwp%2Fv2%2Ftags&post=90678"}],"curies":[{"name":"wp","href":"https:\/\/api.w.org\/{rel}","templated":true}]}}