{"id":90676,"date":"2018-01-29T19:26:03","date_gmt":"2018-01-29T21:26:03","guid":{"rendered":"http:\/\/diarioregionaljf.com.br\/2018\/01\/29\/marun-diz-que-nao-ha-plano-b-para-reforma-da-previdencia\/"},"modified":"2018-01-29T19:26:03","modified_gmt":"2018-01-29T21:26:03","slug":"marun-diz-que-nao-ha-plano-b-para-reforma-da-previdencia","status":"publish","type":"post","link":"https:\/\/diarioregionaldigital.com.br\/?p=90676","title":{"rendered":"Marun diz que n\u00e3o h\u00e1 plano B para reforma da Previd\u00eancia"},"content":{"rendered":"<p>O ministro da Secretaria de Governo, Carlos Marun, disse nessa segunda-feira, 29, que o governo federal n\u00e3o tem plano B sobre a reforma da Previd\u00eancia. Ele afirmou que o governo est\u00e1 confiante de que at\u00e9 fevereiro alcan\u00e7ar\u00e1 o m\u00ednimo de 308 votos necess\u00e1rios entre os 513 deputados para aprovar no Congresso Nacional a emenda constitucional que altera as regras de acesso \u00e0 aposentadoria.<\/p>\n<p>\u201cN\u00e3o existe B. Nosso plano \u00e9 o plano \u201cA\u201d, de aprova\u00e7\u00e3o da reforma ainda em fevereiro. (&#8230;.) A estrat\u00e9gia do governo \u00e9 que no dia da vota\u00e7\u00e3o teremos os votos necess\u00e1rios para aprova\u00e7\u00e3o. N\u00e3o trabalhamos com essa hip\u00f3tese [de n\u00e3o ter os votos], enfatizou Marun.<\/p>\n<p>Depois de se reunir nessa segunda-feira com representantes de v\u00e1rias federa\u00e7\u00f5es da ind\u00fastria, institui\u00e7\u00f5es financeiras, de sa\u00fade, entre outros, Marun relatou que o setor empresarial refor\u00e7ou o apoio \u00e0 \u201cmoderniza\u00e7\u00e3o da Previd\u00eancia\u201d. O encontro, segundo o ministro, \u00e9 uma das a\u00e7\u00f5es preparat\u00f3rias para a chegada dos parlamentares ao longo da semana para iniciar a discuss\u00e3o da proposta em plen\u00e1rio no pr\u00f3ximo dia 5 de fevereiro.<\/p>\n<p>Questionado sobre o que d\u00e1 tanta seguran\u00e7a ao governo, Marun respondeu que a confian\u00e7a vem das articula\u00e7\u00f5es pol\u00edticas e da mudan\u00e7a de percep\u00e7\u00e3o da sociedade sobre a reforma. Para o ministro, as cr\u00edticas \u00e0 proposta est\u00e3o localizadas principalmente em editorias de pol\u00edtica dos jornais e em grupos que s\u00e3o privilegiados no sistema previdenci\u00e1rio atual. Ele destacou que o setor econ\u00f4mico j\u00e1 manifestou a import\u00e2ncia das mudan\u00e7as empreendidas pelo governo.<\/p>\n<p>Marun afirmou ainda que a base aliada do governo na C\u00e2mara \u201cvoltou ao patamar de votos\u201d de maio do ano passado, antes da chegada das duas den\u00fancias de corrup\u00e7\u00e3o passiva, obstru\u00e7\u00e3o da Justi\u00e7a e organiza\u00e7\u00e3o criminosa contra o presidente Michel Temer no Congresso Nacional. O governo trabalha com uma margem de apoio de cerca de 270 parlamentares e tenta convencer pelo menos 50 deputados.<\/p>\n<p>\u201cO que temos hoje de diferente? Primeiro, uma proximidade maior das elei\u00e7\u00f5es, que a princ\u00edpio poderia atrapalhar, mas temos um fator positivo que \u00e9 o fato de que a popula\u00e7\u00e3o, muito mais do que naquele momento, se predisp\u00f5e a apoiar a reforma. Eu diria que, desde maio, n\u00e3o vivemos um momento t\u00e3o positivo como hoje estamos vivendo para aprova\u00e7\u00e3o dessa reforma\u201d, disse.<\/p>\n<p>Marun considerou que o presidente Michel Temer se saiu muito bem na defesa da reforma durante as recentes entrevistas concedidas para emissoras de televis\u00e3o e r\u00e1dio. O ministro sinalizou que iniciativas desta natureza poder\u00e3o prosseguir ao longo dos pr\u00f3ximos dias como forma de buscar apoio popular para a reforma.<\/p>\n<p>A leitura do relat\u00f3rio da reforma no plen\u00e1rio da C\u00e2mara e o in\u00edcio das discuss\u00f5es em torno da proposta est\u00e3o previstas para semana que vem. A vota\u00e7\u00e3o da reforma est\u00e1 marcada para depois do Carnaval, no dia 19 de fevereiro.<\/p>\n<p>Fonte: Ag\u00eancia Brasil<\/p>\n","protected":false},"excerpt":{"rendered":"<p>O ministro da Secretaria de Governo, Carlos Marun, disse nessa segunda-feira, 29, que o governo federal n\u00e3o tem plano B sobre a reforma da Previd\u00eancia. Ele afirmou que o governo est\u00e1 confiante de que at\u00e9 fevereiro alcan\u00e7ar\u00e1 o m\u00ednimo de 308 votos necess\u00e1rios entre os 513 deputados para aprovar no Congresso Nacional a emenda constitucional [&hellip;]<\/p>\n","protected":false},"author":96,"featured_media":90675,"comment_status":"closed","ping_status":"closed","sticky":false,"template":"","format":"standard","meta":{"footnotes":""},"categories":[254],"tags":[],"class_list":["post-90676","post","type-post","status-publish","format-standard","has-post-thumbnail","hentry","category-politica"],"_links":{"self":[{"href":"https:\/\/diarioregionaldigital.com.br\/index.php?rest_route=\/wp\/v2\/posts\/90676","targetHints":{"allow":["GET"]}}],"collection":[{"href":"https:\/\/diarioregionaldigital.com.br\/index.php?rest_route=\/wp\/v2\/posts"}],"about":[{"href":"https:\/\/diarioregionaldigital.com.br\/index.php?rest_route=\/wp\/v2\/types\/post"}],"author":[{"embeddable":true,"href":"https:\/\/diarioregionaldigital.com.br\/index.php?rest_route=\/wp\/v2\/users\/96"}],"replies":[{"embeddable":true,"href":"https:\/\/diarioregionaldigital.com.br\/index.php?rest_route=%2Fwp%2Fv2%2Fcomments&post=90676"}],"version-history":[{"count":0,"href":"https:\/\/diarioregionaldigital.com.br\/index.php?rest_route=\/wp\/v2\/posts\/90676\/revisions"}],"wp:featuredmedia":[{"embeddable":true,"href":"https:\/\/diarioregionaldigital.com.br\/index.php?rest_route=\/wp\/v2\/media\/90675"}],"wp:attachment":[{"href":"https:\/\/diarioregionaldigital.com.br\/index.php?rest_route=%2Fwp%2Fv2%2Fmedia&parent=90676"}],"wp:term":[{"taxonomy":"category","embeddable":true,"href":"https:\/\/diarioregionaldigital.com.br\/index.php?rest_route=%2Fwp%2Fv2%2Fcategories&post=90676"},{"taxonomy":"post_tag","embeddable":true,"href":"https:\/\/diarioregionaldigital.com.br\/index.php?rest_route=%2Fwp%2Fv2%2Ftags&post=90676"}],"curies":[{"name":"wp","href":"https:\/\/api.w.org\/{rel}","templated":true}]}}