{"id":90674,"date":"2018-01-29T19:23:24","date_gmt":"2018-01-29T21:23:24","guid":{"rendered":"http:\/\/diarioregionaljf.com.br\/2018\/01\/29\/secretaria-de-saude-de-barbacena-confirma-mais-uma-morte-por-suspeita-de-febre-amarela\/"},"modified":"2018-01-29T19:23:24","modified_gmt":"2018-01-29T21:23:24","slug":"secretaria-de-saude-de-barbacena-confirma-mais-uma-morte-por-suspeita-de-febre-amarela","status":"publish","type":"post","link":"https:\/\/diarioregionaldigital.com.br\/?p=90674","title":{"rendered":"Secretaria de Sa\u00fade de Barbacena confirma mais uma morte por suspeita de febre amarela"},"content":{"rendered":"<p>Em comunicado publicado no site da Prefeitura de Barbacena (a cerca de 110 Km de JF) nesse domingo, 28, o Secret\u00e1rio Municipal de Sa\u00fade e Programas Sociais (Sesaps) do munic\u00edpio, Jos\u00e9 Orleans da Costa, confirmou a morte de mais um paciente que estava internado com suspeita de febre amarela na cidade.<\/p>\n<p>De acordo com a nota, o paciente de 41 anos, do sexo masculino, era residente do munic\u00edpio de Ouro Branco e foi internado em estado grave no Hospital Regional de Barbacena nesse s\u00e1bado, 27. O homem morreu na tarde de domingo, 28, em decorr\u00eancia de fal\u00eancia m\u00faltipla dos \u00f3rg\u00e3os e febre hemorr\u00e1gica.<\/p>\n<p>Conforme normas t\u00e9cnicas estabelecidas pelo Minist\u00e9rio da Sa\u00fade e Secretaria de Estado da Sa\u00fade, foi recolhido material a ser enviado para a Funda\u00e7\u00e3o Ezequiel Dias, em Belo Horizonte, para confirmar se o paciente tinha ou n\u00e3o febre amarela.<\/p>\n","protected":false},"excerpt":{"rendered":"<p>Em comunicado publicado no site da Prefeitura de Barbacena (a cerca de 110 Km de JF) nesse domingo, 28, o Secret\u00e1rio Municipal de Sa\u00fade e Programas Sociais (Sesaps) do munic\u00edpio, Jos\u00e9 Orleans da Costa, confirmou a morte de mais um paciente que estava internado com suspeita de febre amarela na cidade. De acordo com a [&hellip;]<\/p>\n","protected":false},"author":96,"featured_media":90673,"comment_status":"closed","ping_status":"closed","sticky":false,"template":"","format":"standard","meta":{"footnotes":""},"categories":[252],"tags":[],"class_list":["post-90674","post","type-post","status-publish","format-standard","has-post-thumbnail","hentry","category-regiao"],"_links":{"self":[{"href":"https:\/\/diarioregionaldigital.com.br\/index.php?rest_route=\/wp\/v2\/posts\/90674","targetHints":{"allow":["GET"]}}],"collection":[{"href":"https:\/\/diarioregionaldigital.com.br\/index.php?rest_route=\/wp\/v2\/posts"}],"about":[{"href":"https:\/\/diarioregionaldigital.com.br\/index.php?rest_route=\/wp\/v2\/types\/post"}],"author":[{"embeddable":true,"href":"https:\/\/diarioregionaldigital.com.br\/index.php?rest_route=\/wp\/v2\/users\/96"}],"replies":[{"embeddable":true,"href":"https:\/\/diarioregionaldigital.com.br\/index.php?rest_route=%2Fwp%2Fv2%2Fcomments&post=90674"}],"version-history":[{"count":0,"href":"https:\/\/diarioregionaldigital.com.br\/index.php?rest_route=\/wp\/v2\/posts\/90674\/revisions"}],"wp:featuredmedia":[{"embeddable":true,"href":"https:\/\/diarioregionaldigital.com.br\/index.php?rest_route=\/wp\/v2\/media\/90673"}],"wp:attachment":[{"href":"https:\/\/diarioregionaldigital.com.br\/index.php?rest_route=%2Fwp%2Fv2%2Fmedia&parent=90674"}],"wp:term":[{"taxonomy":"category","embeddable":true,"href":"https:\/\/diarioregionaldigital.com.br\/index.php?rest_route=%2Fwp%2Fv2%2Fcategories&post=90674"},{"taxonomy":"post_tag","embeddable":true,"href":"https:\/\/diarioregionaldigital.com.br\/index.php?rest_route=%2Fwp%2Fv2%2Ftags&post=90674"}],"curies":[{"name":"wp","href":"https:\/\/api.w.org\/{rel}","templated":true}]}}