{"id":90672,"date":"2018-01-29T18:59:41","date_gmt":"2018-01-29T20:59:41","guid":{"rendered":"http:\/\/diarioregionaljf.com.br\/2018\/01\/29\/ubs-do-alto-grajau-fica-fechada-nesta-quinta-feira-para-troca-de-caixa-d-agua\/"},"modified":"2018-01-29T18:59:41","modified_gmt":"2018-01-29T20:59:41","slug":"ubs-do-alto-grajau-fica-fechada-nesta-quinta-feira-para-troca-de-caixa-d-agua","status":"publish","type":"post","link":"https:\/\/diarioregionaldigital.com.br\/?p=90672","title":{"rendered":"UBS do Alto Graja\u00fa fica fechada nesta quinta-feira para troca de caixa-d\u2019\u00e1gua"},"content":{"rendered":"<p>Conforme informa\u00e7\u00f5es da Secretaria de Sa\u00fade (SS) da Prefeitura de Juiz de Fora (PJF), nesta quinta-feira, 1\u00ba de fevereiro, a Unidade B\u00e1sica de Sa\u00fade (UBS) do Bairro Alto Graja\u00fa, zona Leste, ficar\u00e1 fechada para troca da caixa-d\u2019\u00e1gua do pr\u00e9dio. O atendimento ser\u00e1 retomado na sexta-feira, 2.<\/p>\n<p>A SS refor\u00e7a que, at\u00e9 a sexta-feira, todas as 63 UBSs funcionam tamb\u00e9m no hor\u00e1rio de almo\u00e7o, das 11h \u00e0s 13h, para intensifica\u00e7\u00e3o da vacina\u00e7\u00e3o contra febre amarela. A partir do dia 5, o atendimento ser\u00e1 normalizado.<\/p>\n<p>&nbsp;<\/p>\n<p>Colabora\u00e7\u00e3o: Assessoria<\/p>\n","protected":false},"excerpt":{"rendered":"<p>Conforme informa\u00e7\u00f5es da Secretaria de Sa\u00fade (SS) da Prefeitura de Juiz de Fora (PJF), nesta quinta-feira, 1\u00ba de fevereiro, a Unidade B\u00e1sica de Sa\u00fade (UBS) do Bairro Alto Graja\u00fa, zona Leste, ficar\u00e1 fechada para troca da caixa-d\u2019\u00e1gua do pr\u00e9dio. O atendimento ser\u00e1 retomado na sexta-feira, 2. A SS refor\u00e7a que, at\u00e9 a sexta-feira, todas as [&hellip;]<\/p>\n","protected":false},"author":96,"featured_media":90671,"comment_status":"closed","ping_status":"closed","sticky":false,"template":"","format":"standard","meta":{"footnotes":""},"categories":[253],"tags":[],"class_list":["post-90672","post","type-post","status-publish","format-standard","has-post-thumbnail","hentry","category-cidade"],"_links":{"self":[{"href":"https:\/\/diarioregionaldigital.com.br\/index.php?rest_route=\/wp\/v2\/posts\/90672","targetHints":{"allow":["GET"]}}],"collection":[{"href":"https:\/\/diarioregionaldigital.com.br\/index.php?rest_route=\/wp\/v2\/posts"}],"about":[{"href":"https:\/\/diarioregionaldigital.com.br\/index.php?rest_route=\/wp\/v2\/types\/post"}],"author":[{"embeddable":true,"href":"https:\/\/diarioregionaldigital.com.br\/index.php?rest_route=\/wp\/v2\/users\/96"}],"replies":[{"embeddable":true,"href":"https:\/\/diarioregionaldigital.com.br\/index.php?rest_route=%2Fwp%2Fv2%2Fcomments&post=90672"}],"version-history":[{"count":0,"href":"https:\/\/diarioregionaldigital.com.br\/index.php?rest_route=\/wp\/v2\/posts\/90672\/revisions"}],"wp:featuredmedia":[{"embeddable":true,"href":"https:\/\/diarioregionaldigital.com.br\/index.php?rest_route=\/wp\/v2\/media\/90671"}],"wp:attachment":[{"href":"https:\/\/diarioregionaldigital.com.br\/index.php?rest_route=%2Fwp%2Fv2%2Fmedia&parent=90672"}],"wp:term":[{"taxonomy":"category","embeddable":true,"href":"https:\/\/diarioregionaldigital.com.br\/index.php?rest_route=%2Fwp%2Fv2%2Fcategories&post=90672"},{"taxonomy":"post_tag","embeddable":true,"href":"https:\/\/diarioregionaldigital.com.br\/index.php?rest_route=%2Fwp%2Fv2%2Ftags&post=90672"}],"curies":[{"name":"wp","href":"https:\/\/api.w.org\/{rel}","templated":true}]}}