{"id":90670,"date":"2018-01-29T18:46:09","date_gmt":"2018-01-29T20:46:09","guid":{"rendered":"http:\/\/diarioregionaljf.com.br\/2018\/01\/29\/pjf-divulga-resultados-de-processos-seletivos-de-medicos\/"},"modified":"2018-01-29T18:46:09","modified_gmt":"2018-01-29T20:46:09","slug":"pjf-divulga-resultados-de-processos-seletivos-de-medicos","status":"publish","type":"post","link":"https:\/\/diarioregionaldigital.com.br\/?p=90670","title":{"rendered":"PJF divulga resultados de processos seletivos de m\u00e9dicos"},"content":{"rendered":"<p>A Prefeitura de Juiz de Fora (PJF) divulgou os resultados finais dos processos seletivos para contrata\u00e7\u00e3o tempor\u00e1ria de m\u00e9dico I, para atua\u00e7\u00e3o cl\u00ednica na \u00e1rea de traumatologia e cirurgia geral (Edital n\u00ba 349-SARH), sa\u00fade da fam\u00edlia e comunidade (Edital n\u00ba 348-SARH), e na urg\u00eancia e emerg\u00eancia, na \u00e1rea de cirurgia geral (Edital n\u00ba 350-SARH). Os classificados devem aguardar convoca\u00e7\u00e3o para contrata\u00e7\u00e3o. Os resultados foram publicados no Di\u00e1rio Oficial Eletr\u00f4nico do Munic\u00edpio (Atos do Governo) e podem ser conferidos nos links abaixo:<\/p>\n<p><a href=\"https:\/\/www.pjf.mg.gov.br\/e_atos\/e_atos_vis.php?id=58811\" target=\"_blank\" rel=\"noopener noreferrer\">Edital N\u00ba 348<\/a><\/p>\n<p><a href=\"https:\/\/www.pjf.mg.gov.br\/e_atos\/e_atos_vis.php?id=58812\" target=\"_blank\" rel=\"noopener noreferrer\">Edital N\u00ba 349<\/a><\/p>\n<p><a href=\"https:\/\/www.pjf.mg.gov.br\/e_atos\/e_atos_vis.php?id=58813\" target=\"_blank\" rel=\"noopener noreferrer\">Edital N\u00ba 350<\/a><\/p>\n<p>&nbsp;<\/p>\n<p>Fonte: Assessoria<\/p>\n","protected":false},"excerpt":{"rendered":"<p>A Prefeitura de Juiz de Fora (PJF) divulgou os resultados finais dos processos seletivos para contrata\u00e7\u00e3o tempor\u00e1ria de m\u00e9dico I, para atua\u00e7\u00e3o cl\u00ednica na \u00e1rea de traumatologia e cirurgia geral (Edital n\u00ba 349-SARH), sa\u00fade da fam\u00edlia e comunidade (Edital n\u00ba 348-SARH), e na urg\u00eancia e emerg\u00eancia, na \u00e1rea de cirurgia geral (Edital n\u00ba 350-SARH). Os [&hellip;]<\/p>\n","protected":false},"author":96,"featured_media":90669,"comment_status":"closed","ping_status":"closed","sticky":false,"template":"","format":"standard","meta":{"footnotes":""},"categories":[280],"tags":[],"class_list":["post-90670","post","type-post","status-publish","format-standard","has-post-thumbnail","hentry","category-concurso"],"_links":{"self":[{"href":"https:\/\/diarioregionaldigital.com.br\/index.php?rest_route=\/wp\/v2\/posts\/90670","targetHints":{"allow":["GET"]}}],"collection":[{"href":"https:\/\/diarioregionaldigital.com.br\/index.php?rest_route=\/wp\/v2\/posts"}],"about":[{"href":"https:\/\/diarioregionaldigital.com.br\/index.php?rest_route=\/wp\/v2\/types\/post"}],"author":[{"embeddable":true,"href":"https:\/\/diarioregionaldigital.com.br\/index.php?rest_route=\/wp\/v2\/users\/96"}],"replies":[{"embeddable":true,"href":"https:\/\/diarioregionaldigital.com.br\/index.php?rest_route=%2Fwp%2Fv2%2Fcomments&post=90670"}],"version-history":[{"count":0,"href":"https:\/\/diarioregionaldigital.com.br\/index.php?rest_route=\/wp\/v2\/posts\/90670\/revisions"}],"wp:featuredmedia":[{"embeddable":true,"href":"https:\/\/diarioregionaldigital.com.br\/index.php?rest_route=\/wp\/v2\/media\/90669"}],"wp:attachment":[{"href":"https:\/\/diarioregionaldigital.com.br\/index.php?rest_route=%2Fwp%2Fv2%2Fmedia&parent=90670"}],"wp:term":[{"taxonomy":"category","embeddable":true,"href":"https:\/\/diarioregionaldigital.com.br\/index.php?rest_route=%2Fwp%2Fv2%2Fcategories&post=90670"},{"taxonomy":"post_tag","embeddable":true,"href":"https:\/\/diarioregionaldigital.com.br\/index.php?rest_route=%2Fwp%2Fv2%2Ftags&post=90670"}],"curies":[{"name":"wp","href":"https:\/\/api.w.org\/{rel}","templated":true}]}}