{"id":90668,"date":"2018-01-29T18:30:15","date_gmt":"2018-01-29T20:30:15","guid":{"rendered":"http:\/\/diarioregionaljf.com.br\/2018\/01\/29\/secretaria-de-saude-oferece-capacitacao-sobre-febre-amarela\/"},"modified":"2018-01-29T18:30:15","modified_gmt":"2018-01-29T20:30:15","slug":"secretaria-de-saude-oferece-capacitacao-sobre-febre-amarela","status":"publish","type":"post","link":"https:\/\/diarioregionaldigital.com.br\/?p=90668","title":{"rendered":"Secretaria de Sa\u00fade oferece capacita\u00e7\u00e3o sobre febre amarela"},"content":{"rendered":"<p>A Secretaria de Sa\u00fade (SS) da Prefeitura de Juiz de Fora (PJF), por meio do N\u00facleo de Educa\u00e7\u00e3o Permanente (NEP), oferece, nesta ter\u00e7a-feira, 30, um evento de capacita\u00e7\u00e3o sobre a febre amarela. A a\u00e7\u00e3o, realizada em parceria com o Cons\u00f3rcio Intermunicipal de Sa\u00fade da Regi\u00e3o Sudeste (Cisdeste) e o Departamento de Vigil\u00e2ncia Epidemiol\u00f3gica e Ambiental (Dvea), \u00e9 voltada para m\u00e9dicos e gestores de sa\u00fade de toda a macrorregi\u00e3o sudeste.<\/p>\n<p>Ser\u00e3o apresentadas abordagens cl\u00ednicas e m\u00e9dicas, como foco na detec\u00e7\u00e3o, notifica\u00e7\u00e3o e tratamento de pacientes que apresentem suspeita ou confirma\u00e7\u00e3o de febre amarela. O objetivo \u00e9 qualificar os profissionais e habilit\u00e1-los para a identifica\u00e7\u00e3o e o tratamento precoces da doen\u00e7a.<\/p>\n<p>A capacita\u00e7\u00e3o ser\u00e1 oferecida no anfiteatro do Cisdeste, na Rua Coronel Vidal, n\u00ba 800, Bairro S\u00e3o Dimas, \u00e0s 14h. Os interessados devem realizar inscri\u00e7\u00e3o no pr\u00f3prio local.<\/p>\n<p>&nbsp;<\/p>\n<h4>O NEP<\/h4>\n<p>O N\u00facleo de Educa\u00e7\u00e3o Permanente (NEP) integra a Rede Amiga de Urg\u00eancia e Emerg\u00eancia, coordenada pela SS, e representa um espa\u00e7o de conhecimento para a habilita\u00e7\u00e3o de profissionais da \u00e1rea de urg\u00eancia e emerg\u00eancia. Seus projetos t\u00eam como objetivo a permanente atualiza\u00e7\u00e3o e capacita\u00e7\u00e3o dos funcion\u00e1rios da sa\u00fade.<\/p>\n<p>&nbsp;<\/p>\n<p>Colabora\u00e7\u00e3o: Assessoria<\/p>\n","protected":false},"excerpt":{"rendered":"<p>A Secretaria de Sa\u00fade (SS) da Prefeitura de Juiz de Fora (PJF), por meio do N\u00facleo de Educa\u00e7\u00e3o Permanente (NEP), oferece, nesta ter\u00e7a-feira, 30, um evento de capacita\u00e7\u00e3o sobre a febre amarela. A a\u00e7\u00e3o, realizada em parceria com o Cons\u00f3rcio Intermunicipal de Sa\u00fade da Regi\u00e3o Sudeste (Cisdeste) e o Departamento de Vigil\u00e2ncia Epidemiol\u00f3gica e Ambiental [&hellip;]<\/p>\n","protected":false},"author":96,"featured_media":90667,"comment_status":"closed","ping_status":"closed","sticky":false,"template":"","format":"standard","meta":{"footnotes":""},"categories":[253],"tags":[],"class_list":["post-90668","post","type-post","status-publish","format-standard","has-post-thumbnail","hentry","category-cidade"],"_links":{"self":[{"href":"https:\/\/diarioregionaldigital.com.br\/index.php?rest_route=\/wp\/v2\/posts\/90668","targetHints":{"allow":["GET"]}}],"collection":[{"href":"https:\/\/diarioregionaldigital.com.br\/index.php?rest_route=\/wp\/v2\/posts"}],"about":[{"href":"https:\/\/diarioregionaldigital.com.br\/index.php?rest_route=\/wp\/v2\/types\/post"}],"author":[{"embeddable":true,"href":"https:\/\/diarioregionaldigital.com.br\/index.php?rest_route=\/wp\/v2\/users\/96"}],"replies":[{"embeddable":true,"href":"https:\/\/diarioregionaldigital.com.br\/index.php?rest_route=%2Fwp%2Fv2%2Fcomments&post=90668"}],"version-history":[{"count":0,"href":"https:\/\/diarioregionaldigital.com.br\/index.php?rest_route=\/wp\/v2\/posts\/90668\/revisions"}],"wp:featuredmedia":[{"embeddable":true,"href":"https:\/\/diarioregionaldigital.com.br\/index.php?rest_route=\/wp\/v2\/media\/90667"}],"wp:attachment":[{"href":"https:\/\/diarioregionaldigital.com.br\/index.php?rest_route=%2Fwp%2Fv2%2Fmedia&parent=90668"}],"wp:term":[{"taxonomy":"category","embeddable":true,"href":"https:\/\/diarioregionaldigital.com.br\/index.php?rest_route=%2Fwp%2Fv2%2Fcategories&post=90668"},{"taxonomy":"post_tag","embeddable":true,"href":"https:\/\/diarioregionaldigital.com.br\/index.php?rest_route=%2Fwp%2Fv2%2Ftags&post=90668"}],"curies":[{"name":"wp","href":"https:\/\/api.w.org\/{rel}","templated":true}]}}