{"id":90666,"date":"2018-01-29T18:28:50","date_gmt":"2018-01-29T20:28:50","guid":{"rendered":"http:\/\/diarioregionaljf.com.br\/2018\/01\/29\/dez-detentos-morrem-durante-briga-em-cadeia-publica-no-ceara\/"},"modified":"2018-01-29T18:28:50","modified_gmt":"2018-01-29T20:28:50","slug":"dez-detentos-morrem-durante-briga-em-cadeia-publica-no-ceara","status":"publish","type":"post","link":"https:\/\/diarioregionaldigital.com.br\/?p=90666","title":{"rendered":"Dez detentos morrem durante briga em cadeia p\u00fablica no Cear\u00e1"},"content":{"rendered":"<p>Um conflito na Cadeia P\u00fablica de Itapaj\u00e9, no norte do Cear\u00e1, provocou a morte de 10 presos na manh\u00e3 dessa segunda-feira, 29. Segundo a Secretaria da Justi\u00e7a do estado (Sejus), os assassinatos ocorreram durante uma briga entre grupos rivais.<\/p>\n<p>A secretaria informou ainda que o controle da cadeia foi restabelecido ap\u00f3s interven\u00e7\u00e3o de policiais e agentes penitenci\u00e1rios. O munic\u00edpio de Itapaj\u00e9 fica a 130 quil\u00f4metros da capital, Fortaleza.<\/p>\n<p>O crime ocorre apenas dois dias depois da maior chacina do Cear\u00e1, em que homens armados invadiram uma festa na periferia de Fortaleza no \u00faltimo s\u00e1bado, 27, e mataram 14 pessoas.<\/p>\n<p>Fonte: Ag\u00eancia Brasil<\/p>\n","protected":false},"excerpt":{"rendered":"<p>Um conflito na Cadeia P\u00fablica de Itapaj\u00e9, no norte do Cear\u00e1, provocou a morte de 10 presos na manh\u00e3 dessa segunda-feira, 29. Segundo a Secretaria da Justi\u00e7a do estado (Sejus), os assassinatos ocorreram durante uma briga entre grupos rivais. A secretaria informou ainda que o controle da cadeia foi restabelecido ap\u00f3s interven\u00e7\u00e3o de policiais e [&hellip;]<\/p>\n","protected":false},"author":96,"featured_media":90665,"comment_status":"closed","ping_status":"closed","sticky":false,"template":"","format":"standard","meta":{"footnotes":""},"categories":[302],"tags":[],"class_list":["post-90666","post","type-post","status-publish","format-standard","has-post-thumbnail","hentry","category-brasil-mundo"],"_links":{"self":[{"href":"https:\/\/diarioregionaldigital.com.br\/index.php?rest_route=\/wp\/v2\/posts\/90666","targetHints":{"allow":["GET"]}}],"collection":[{"href":"https:\/\/diarioregionaldigital.com.br\/index.php?rest_route=\/wp\/v2\/posts"}],"about":[{"href":"https:\/\/diarioregionaldigital.com.br\/index.php?rest_route=\/wp\/v2\/types\/post"}],"author":[{"embeddable":true,"href":"https:\/\/diarioregionaldigital.com.br\/index.php?rest_route=\/wp\/v2\/users\/96"}],"replies":[{"embeddable":true,"href":"https:\/\/diarioregionaldigital.com.br\/index.php?rest_route=%2Fwp%2Fv2%2Fcomments&post=90666"}],"version-history":[{"count":0,"href":"https:\/\/diarioregionaldigital.com.br\/index.php?rest_route=\/wp\/v2\/posts\/90666\/revisions"}],"wp:featuredmedia":[{"embeddable":true,"href":"https:\/\/diarioregionaldigital.com.br\/index.php?rest_route=\/wp\/v2\/media\/90665"}],"wp:attachment":[{"href":"https:\/\/diarioregionaldigital.com.br\/index.php?rest_route=%2Fwp%2Fv2%2Fmedia&parent=90666"}],"wp:term":[{"taxonomy":"category","embeddable":true,"href":"https:\/\/diarioregionaldigital.com.br\/index.php?rest_route=%2Fwp%2Fv2%2Fcategories&post=90666"},{"taxonomy":"post_tag","embeddable":true,"href":"https:\/\/diarioregionaldigital.com.br\/index.php?rest_route=%2Fwp%2Fv2%2Ftags&post=90666"}],"curies":[{"name":"wp","href":"https:\/\/api.w.org\/{rel}","templated":true}]}}